{"id":9615,"date":"2021-06-11T15:37:24","date_gmt":"2021-06-11T13:37:24","guid":{"rendered":"https:\/\/jaheca.se\/carro\/livetpalandet\/?p=9606"},"modified":"2021-06-11T15:37:24","modified_gmt":"2021-06-11T13:37:24","slug":"nytillskott-i-familjen","status":"publish","type":"post","link":"https:\/\/jaheca.se\/livetpalandet\/2021\/06\/11\/nytillskott-i-familjen\/","title":{"rendered":"Nytillskott i familjen"},"content":{"rendered":"<p><img loading=\"lazy\" decoding=\"async\" class=\"alignnone size-large wp-image-9565\" src=\"https:\/\/jaheca.se\/livetpalandet\/wp-content\/uploads\/2023\/06\/m_20210611_133538-525x700.jpg\" alt=\"\" width=\"525\" height=\"700\" srcset=\"https:\/\/jaheca.se\/livetpalandet\/wp-content\/uploads\/2023\/06\/m_20210611_133538-525x700.jpg 525w, https:\/\/jaheca.se\/livetpalandet\/wp-content\/uploads\/2023\/06\/m_20210611_133538-263x350.jpg 263w, https:\/\/jaheca.se\/livetpalandet\/wp-content\/uploads\/2023\/06\/m_20210611_133538-113x150.jpg 113w, https:\/\/jaheca.se\/livetpalandet\/wp-content\/uploads\/2023\/06\/m_20210611_133538.jpg 638w\" sizes=\"auto, (max-width: 525px) 100vw, 525px\" \/><\/p>\n<p>S\u00e4g hej till Floki, familjens nytillskott!<\/p>\n<p>Han kom ig\u00e5r, \u00e4r 8 veckor och heter Nyg\u00e5rds Brack Floki.&nbsp;<\/p>\n<p>Han \u00e4r en Alpl\u00e4ndische Dachsbracke, en jakthund som Jalle ska anv\u00e4nda att jaga med i framtiden.<\/p>\n<p>&nbsp;<\/p>\n","protected":false},"excerpt":{"rendered":"<p>S\u00e4g hej till Floki, familjens nytillskott! Han kom ig\u00e5r, \u00e4r 8 veckor och heter Nyg\u00e5rds Brack Floki.&nbsp; Han \u00e4r en Alpl\u00e4ndische Dachsbracke, en jakthund som Jalle ska anv\u00e4nda att jaga med i framtiden. &nbsp;<\/p>\n","protected":false},"author":1,"featured_media":0,"comment_status":"open","ping_status":"closed","sticky":false,"template":"","format":"standard","meta":{"ngg_post_thumbnail":0,"footnotes":""},"categories":[16,17],"tags":[],"class_list":["post-9615","post","type-post","status-publish","format-standard","hentry","category-floki","category-foto"],"_links":{"self":[{"href":"https:\/\/jaheca.se\/livetpalandet\/wp-json\/wp\/v2\/posts\/9615","targetHints":{"allow":["GET"]}}],"collection":[{"href":"https:\/\/jaheca.se\/livetpalandet\/wp-json\/wp\/v2\/posts"}],"about":[{"href":"https:\/\/jaheca.se\/livetpalandet\/wp-json\/wp\/v2\/types\/post"}],"author":[{"embeddable":true,"href":"https:\/\/jaheca.se\/livetpalandet\/wp-json\/wp\/v2\/users\/1"}],"replies":[{"embeddable":true,"href":"https:\/\/jaheca.se\/livetpalandet\/wp-json\/wp\/v2\/comments?post=9615"}],"version-history":[{"count":0,"href":"https:\/\/jaheca.se\/livetpalandet\/wp-json\/wp\/v2\/posts\/9615\/revisions"}],"wp:attachment":[{"href":"https:\/\/jaheca.se\/livetpalandet\/wp-json\/wp\/v2\/media?parent=9615"}],"wp:term":[{"taxonomy":"category","embeddable":true,"href":"https:\/\/jaheca.se\/livetpalandet\/wp-json\/wp\/v2\/categories?post=9615"},{"taxonomy":"post_tag","embeddable":true,"href":"https:\/\/jaheca.se\/livetpalandet\/wp-json\/wp\/v2\/tags?post=9615"}],"curies":[{"name":"wp","href":"https:\/\/api.w.org\/{rel}","templated":true}]}}