{"id":9127,"date":"2021-03-07T21:42:41","date_gmt":"2021-03-07T20:42:41","guid":{"rendered":"https:\/\/jaheca.se\/carro\/livetpalandet\/?p=9127"},"modified":"2021-03-07T21:42:41","modified_gmt":"2021-03-07T20:42:41","slug":"efit-7-mars-2021","status":"publish","type":"post","link":"https:\/\/jaheca.se\/livetpalandet\/2021\/03\/07\/efit-7-mars-2021\/","title":{"rendered":"EFIT 7 mars 2021"},"content":{"rendered":"<p>En solig s\u00f6ndag med isiga vindar och bara + 3 grader g\u00f6r att det blir en lugn slappardag inomhus, f\u00f6rutom n\u00e4r jag g\u00e5r ut med hunden.<\/p>\n<div id=\"attachment_9133\" style=\"width: 535px\" class=\"wp-caption alignnone\"><img loading=\"lazy\" decoding=\"async\" aria-describedby=\"caption-attachment-9133\" class=\"wp-image-9133 size-large\" src=\"https:\/\/jaheca.se\/livetpalandet\/wp-content\/uploads\/2021\/03\/m_20210307_092519-525x700.jpg\" alt=\"\" width=\"525\" height=\"700\" srcset=\"https:\/\/jaheca.se\/livetpalandet\/wp-content\/uploads\/2021\/03\/m_20210307_092519-525x700.jpg 525w, https:\/\/jaheca.se\/livetpalandet\/wp-content\/uploads\/2021\/03\/m_20210307_092519-263x350.jpg 263w, https:\/\/jaheca.se\/livetpalandet\/wp-content\/uploads\/2021\/03\/m_20210307_092519-113x150.jpg 113w, https:\/\/jaheca.se\/livetpalandet\/wp-content\/uploads\/2021\/03\/m_20210307_092519.jpg 675w\" sizes=\"auto, (max-width: 525px) 100vw, 525px\" \/><p id=\"caption-attachment-9133\" class=\"wp-caption-text\">9.25 drar upp rullgardinen, och direkt hoppar Viola upp p\u00e5 f\u00f6nsterbr\u00e4dan<\/p><\/div>\n<div id=\"attachment_9134\" style=\"width: 535px\" class=\"wp-caption alignnone\"><img loading=\"lazy\" decoding=\"async\" aria-describedby=\"caption-attachment-9134\" class=\"wp-image-9134 size-large\" src=\"https:\/\/jaheca.se\/livetpalandet\/wp-content\/uploads\/2021\/03\/m_20210307_102322-525x700.jpg\" alt=\"\" width=\"525\" height=\"700\" srcset=\"https:\/\/jaheca.se\/livetpalandet\/wp-content\/uploads\/2021\/03\/m_20210307_102322-525x700.jpg 525w, https:\/\/jaheca.se\/livetpalandet\/wp-content\/uploads\/2021\/03\/m_20210307_102322-263x350.jpg 263w, https:\/\/jaheca.se\/livetpalandet\/wp-content\/uploads\/2021\/03\/m_20210307_102322-113x150.jpg 113w, https:\/\/jaheca.se\/livetpalandet\/wp-content\/uploads\/2021\/03\/m_20210307_102322.jpg 675w\" sizes=\"auto, (max-width: 525px) 100vw, 525px\" \/><p id=\"caption-attachment-9134\" class=\"wp-caption-text\">10.25 har precis duschat<\/p><\/div>\n<div id=\"attachment_9135\" style=\"width: 535px\" class=\"wp-caption alignnone\"><img loading=\"lazy\" decoding=\"async\" aria-describedby=\"caption-attachment-9135\" class=\"wp-image-9135 size-large\" src=\"https:\/\/jaheca.se\/livetpalandet\/wp-content\/uploads\/2021\/03\/m_20210307_114858-525x700.jpg\" alt=\"\" width=\"525\" height=\"700\" srcset=\"https:\/\/jaheca.se\/livetpalandet\/wp-content\/uploads\/2021\/03\/m_20210307_114858-525x700.jpg 525w, https:\/\/jaheca.se\/livetpalandet\/wp-content\/uploads\/2021\/03\/m_20210307_114858-263x350.jpg 263w, https:\/\/jaheca.se\/livetpalandet\/wp-content\/uploads\/2021\/03\/m_20210307_114858-113x150.jpg 113w, https:\/\/jaheca.se\/livetpalandet\/wp-content\/uploads\/2021\/03\/m_20210307_114858.jpg 675w\" sizes=\"auto, (max-width: 525px) 100vw, 525px\" \/><p id=\"caption-attachment-9135\" class=\"wp-caption-text\">11.45 l\u00e4ser om Vasaloppet p\u00e5 surfplattan<\/p><\/div>\n<div id=\"attachment_9136\" style=\"width: 535px\" class=\"wp-caption alignnone\"><img loading=\"lazy\" decoding=\"async\" aria-describedby=\"caption-attachment-9136\" class=\"wp-image-9136 size-large\" src=\"https:\/\/jaheca.se\/livetpalandet\/wp-content\/uploads\/2021\/03\/m_20210307_122904-525x700.jpg\" alt=\"\" width=\"525\" height=\"700\" srcset=\"https:\/\/jaheca.se\/livetpalandet\/wp-content\/uploads\/2021\/03\/m_20210307_122904-525x700.jpg 525w, https:\/\/jaheca.se\/livetpalandet\/wp-content\/uploads\/2021\/03\/m_20210307_122904-263x350.jpg 263w, https:\/\/jaheca.se\/livetpalandet\/wp-content\/uploads\/2021\/03\/m_20210307_122904-113x150.jpg 113w, https:\/\/jaheca.se\/livetpalandet\/wp-content\/uploads\/2021\/03\/m_20210307_122904.jpg 675w\" sizes=\"auto, (max-width: 525px) 100vw, 525px\" \/><p id=\"caption-attachment-9136\" class=\"wp-caption-text\">12.45 Packar upp min nya t\u00e4ckkjol som jag precis k\u00f6pt. Blir perfekt p\u00e5 kalla hundpromenader om man har tunna mjukisbyxor.<\/p><\/div>\n<div id=\"attachment_9137\" style=\"width: 710px\" class=\"wp-caption alignnone\"><img loading=\"lazy\" decoding=\"async\" aria-describedby=\"caption-attachment-9137\" class=\"wp-image-9137 size-large\" src=\"https:\/\/jaheca.se\/livetpalandet\/wp-content\/uploads\/2021\/03\/m_20210307_134604-700x525.jpg\" alt=\"\" width=\"700\" height=\"525\" srcset=\"https:\/\/jaheca.se\/livetpalandet\/wp-content\/uploads\/2021\/03\/m_20210307_134604-700x525.jpg 700w, https:\/\/jaheca.se\/livetpalandet\/wp-content\/uploads\/2021\/03\/m_20210307_134604-350x263.jpg 350w, https:\/\/jaheca.se\/livetpalandet\/wp-content\/uploads\/2021\/03\/m_20210307_134604-768x576.jpg 768w, https:\/\/jaheca.se\/livetpalandet\/wp-content\/uploads\/2021\/03\/m_20210307_134604-467x350.jpg 467w, https:\/\/jaheca.se\/livetpalandet\/wp-content\/uploads\/2021\/03\/m_20210307_134604-150x113.jpg 150w, https:\/\/jaheca.se\/livetpalandet\/wp-content\/uploads\/2021\/03\/m_20210307_134604.jpg 900w\" sizes=\"auto, (max-width: 700px) 100vw, 700px\" \/><p id=\"caption-attachment-9137\" class=\"wp-caption-text\">13.45 Redigerar bilder till ett annat fototema jag \u00e4r med i<\/p><\/div>\n<div id=\"attachment_9138\" style=\"width: 535px\" class=\"wp-caption alignnone\"><img loading=\"lazy\" decoding=\"async\" aria-describedby=\"caption-attachment-9138\" class=\"wp-image-9138 size-large\" src=\"https:\/\/jaheca.se\/livetpalandet\/wp-content\/uploads\/2021\/03\/m_20210307_144202-525x700.jpg\" alt=\"\" width=\"525\" height=\"700\" srcset=\"https:\/\/jaheca.se\/livetpalandet\/wp-content\/uploads\/2021\/03\/m_20210307_144202-525x700.jpg 525w, https:\/\/jaheca.se\/livetpalandet\/wp-content\/uploads\/2021\/03\/m_20210307_144202-263x350.jpg 263w, https:\/\/jaheca.se\/livetpalandet\/wp-content\/uploads\/2021\/03\/m_20210307_144202-113x150.jpg 113w, https:\/\/jaheca.se\/livetpalandet\/wp-content\/uploads\/2021\/03\/m_20210307_144202.jpg 675w\" sizes=\"auto, (max-width: 525px) 100vw, 525px\" \/><p id=\"caption-attachment-9138\" class=\"wp-caption-text\">14.35 Dags f\u00f6r sen lunch<\/p><\/div>\n<div id=\"attachment_9129\" style=\"width: 535px\" class=\"wp-caption alignnone\"><img loading=\"lazy\" decoding=\"async\" aria-describedby=\"caption-attachment-9129\" class=\"wp-image-9129 size-large\" src=\"https:\/\/jaheca.se\/livetpalandet\/wp-content\/uploads\/2021\/03\/m_20210307_153258-525x700.jpg\" alt=\"\" width=\"525\" height=\"700\" srcset=\"https:\/\/jaheca.se\/livetpalandet\/wp-content\/uploads\/2021\/03\/m_20210307_153258-525x700.jpg 525w, https:\/\/jaheca.se\/livetpalandet\/wp-content\/uploads\/2021\/03\/m_20210307_153258-263x350.jpg 263w, https:\/\/jaheca.se\/livetpalandet\/wp-content\/uploads\/2021\/03\/m_20210307_153258-113x150.jpg 113w, https:\/\/jaheca.se\/livetpalandet\/wp-content\/uploads\/2021\/03\/m_20210307_153258.jpg 675w\" sizes=\"auto, (max-width: 525px) 100vw, 525px\" \/><p id=\"caption-attachment-9129\" class=\"wp-caption-text\">15.35 Ute med hunden, tar kort vid v\u00e5r kyrka<\/p><\/div>\n<div id=\"attachment_9130\" style=\"width: 710px\" class=\"wp-caption alignnone\"><img loading=\"lazy\" decoding=\"async\" aria-describedby=\"caption-attachment-9130\" class=\"wp-image-9130 size-large\" src=\"https:\/\/jaheca.se\/livetpalandet\/wp-content\/uploads\/2021\/03\/m_20210307_161313-700x525.jpg\" alt=\"\" width=\"700\" height=\"525\" srcset=\"https:\/\/jaheca.se\/livetpalandet\/wp-content\/uploads\/2021\/03\/m_20210307_161313-700x525.jpg 700w, https:\/\/jaheca.se\/livetpalandet\/wp-content\/uploads\/2021\/03\/m_20210307_161313-350x263.jpg 350w, https:\/\/jaheca.se\/livetpalandet\/wp-content\/uploads\/2021\/03\/m_20210307_161313-768x576.jpg 768w, https:\/\/jaheca.se\/livetpalandet\/wp-content\/uploads\/2021\/03\/m_20210307_161313-467x350.jpg 467w, https:\/\/jaheca.se\/livetpalandet\/wp-content\/uploads\/2021\/03\/m_20210307_161313-150x113.jpg 150w, https:\/\/jaheca.se\/livetpalandet\/wp-content\/uploads\/2021\/03\/m_20210307_161313.jpg 900w\" sizes=\"auto, (max-width: 700px) 100vw, 700px\" \/><p id=\"caption-attachment-9130\" class=\"wp-caption-text\">16.20 G\u00e5r en sv\u00e4ng i tr\u00e4dg\u00e5rden och ser att v\u00e5rblommorna b\u00f6rjar vakna<\/p><\/div>\n<div id=\"attachment_9131\" style=\"width: 710px\" class=\"wp-caption alignnone\"><img loading=\"lazy\" decoding=\"async\" aria-describedby=\"caption-attachment-9131\" class=\"wp-image-9131 size-large\" src=\"https:\/\/jaheca.se\/livetpalandet\/wp-content\/uploads\/2021\/03\/m_20210307_173719-700x525.jpg\" alt=\"\" width=\"700\" height=\"525\" srcset=\"https:\/\/jaheca.se\/livetpalandet\/wp-content\/uploads\/2021\/03\/m_20210307_173719-700x525.jpg 700w, https:\/\/jaheca.se\/livetpalandet\/wp-content\/uploads\/2021\/03\/m_20210307_173719-350x263.jpg 350w, https:\/\/jaheca.se\/livetpalandet\/wp-content\/uploads\/2021\/03\/m_20210307_173719-768x576.jpg 768w, https:\/\/jaheca.se\/livetpalandet\/wp-content\/uploads\/2021\/03\/m_20210307_173719-467x350.jpg 467w, https:\/\/jaheca.se\/livetpalandet\/wp-content\/uploads\/2021\/03\/m_20210307_173719-150x113.jpg 150w, https:\/\/jaheca.se\/livetpalandet\/wp-content\/uploads\/2021\/03\/m_20210307_173719.jpg 900w\" sizes=\"auto, (max-width: 700px) 100vw, 700px\" \/><p id=\"caption-attachment-9131\" class=\"wp-caption-text\">17.30 Letar nya bakgrundsteman till min laptop, gillar att byta tema d\u00e5 och d\u00e5<\/p><\/div>\n<div id=\"attachment_9132\" style=\"width: 535px\" class=\"wp-caption alignnone\"><img loading=\"lazy\" decoding=\"async\" aria-describedby=\"caption-attachment-9132\" class=\"wp-image-9132 size-large\" src=\"https:\/\/jaheca.se\/livetpalandet\/wp-content\/uploads\/2021\/03\/m_20210307_183611-525x700.jpg\" alt=\"\" width=\"525\" height=\"700\" srcset=\"https:\/\/jaheca.se\/livetpalandet\/wp-content\/uploads\/2021\/03\/m_20210307_183611-525x700.jpg 525w, https:\/\/jaheca.se\/livetpalandet\/wp-content\/uploads\/2021\/03\/m_20210307_183611-263x350.jpg 263w, https:\/\/jaheca.se\/livetpalandet\/wp-content\/uploads\/2021\/03\/m_20210307_183611-113x150.jpg 113w, https:\/\/jaheca.se\/livetpalandet\/wp-content\/uploads\/2021\/03\/m_20210307_183611.jpg 675w\" sizes=\"auto, (max-width: 525px) 100vw, 525px\" \/><p id=\"caption-attachment-9132\" class=\"wp-caption-text\">18.35 Sambon tar en \u00f6l p\u00e5 pizzerian medan vi v\u00e4ntar p\u00e5 v\u00e5r h\u00e4mtmat, jag k\u00f6r hem sen.<\/p><\/div>\n<div id=\"attachment_9141\" style=\"width: 710px\" class=\"wp-caption alignnone\"><img loading=\"lazy\" decoding=\"async\" aria-describedby=\"caption-attachment-9141\" class=\"wp-image-9141 size-large\" src=\"https:\/\/jaheca.se\/livetpalandet\/wp-content\/uploads\/2021\/03\/m_20210307_192523-700x525.jpg\" alt=\"\" width=\"700\" height=\"525\" srcset=\"https:\/\/jaheca.se\/livetpalandet\/wp-content\/uploads\/2021\/03\/m_20210307_192523-700x525.jpg 700w, https:\/\/jaheca.se\/livetpalandet\/wp-content\/uploads\/2021\/03\/m_20210307_192523-350x263.jpg 350w, https:\/\/jaheca.se\/livetpalandet\/wp-content\/uploads\/2021\/03\/m_20210307_192523-768x576.jpg 768w, https:\/\/jaheca.se\/livetpalandet\/wp-content\/uploads\/2021\/03\/m_20210307_192523-467x350.jpg 467w, https:\/\/jaheca.se\/livetpalandet\/wp-content\/uploads\/2021\/03\/m_20210307_192523-150x113.jpg 150w, https:\/\/jaheca.se\/livetpalandet\/wp-content\/uploads\/2021\/03\/m_20210307_192523.jpg 900w\" sizes=\"auto, (max-width: 700px) 100vw, 700px\" \/><p id=\"caption-attachment-9141\" class=\"wp-caption-text\">19.30 Snart \u00e4tit upp min grekiska kebab.<\/p><\/div>\n<div id=\"attachment_9142\" style=\"width: 535px\" class=\"wp-caption alignnone\"><img loading=\"lazy\" decoding=\"async\" aria-describedby=\"caption-attachment-9142\" class=\"wp-image-9142 size-large\" src=\"https:\/\/jaheca.se\/carro\/livetpalandet\/wp-content\/uploads\/sites\/10\/2021\/03\/m_20210307_204732-525x700.jpg\" alt=\"\" width=\"525\" height=\"700\"><p id=\"caption-attachment-9142\" class=\"wp-caption-text\">20.40 Precis varit ute med hunden, och detta blir sista bilden idag<\/p><\/div>\n<p><a href=\"http:\/\/ettfotoitimmen.se\" target=\"_blank\" rel=\"noopener noreferrer\">EFIT<\/a><\/p>\n","protected":false},"excerpt":{"rendered":"<p>En solig s\u00f6ndag med isiga vindar och bara + 3 grader g\u00f6r att det blir en lugn slappardag inomhus, f\u00f6rutom n\u00e4r jag g\u00e5r ut med hunden. EFIT<\/p>\n","protected":false},"author":1,"featured_media":0,"comment_status":"open","ping_status":"closed","sticky":false,"template":"","format":"standard","meta":{"ngg_post_thumbnail":0,"footnotes":""},"categories":[14],"tags":[],"class_list":["post-9127","post","type-post","status-publish","format-standard","hentry","category-efit"],"_links":{"self":[{"href":"https:\/\/jaheca.se\/livetpalandet\/wp-json\/wp\/v2\/posts\/9127","targetHints":{"allow":["GET"]}}],"collection":[{"href":"https:\/\/jaheca.se\/livetpalandet\/wp-json\/wp\/v2\/posts"}],"about":[{"href":"https:\/\/jaheca.se\/livetpalandet\/wp-json\/wp\/v2\/types\/post"}],"author":[{"embeddable":true,"href":"https:\/\/jaheca.se\/livetpalandet\/wp-json\/wp\/v2\/users\/1"}],"replies":[{"embeddable":true,"href":"https:\/\/jaheca.se\/livetpalandet\/wp-json\/wp\/v2\/comments?post=9127"}],"version-history":[{"count":0,"href":"https:\/\/jaheca.se\/livetpalandet\/wp-json\/wp\/v2\/posts\/9127\/revisions"}],"wp:attachment":[{"href":"https:\/\/jaheca.se\/livetpalandet\/wp-json\/wp\/v2\/media?parent=9127"}],"wp:term":[{"taxonomy":"category","embeddable":true,"href":"https:\/\/jaheca.se\/livetpalandet\/wp-json\/wp\/v2\/categories?post=9127"},{"taxonomy":"post_tag","embeddable":true,"href":"https:\/\/jaheca.se\/livetpalandet\/wp-json\/wp\/v2\/tags?post=9127"}],"curies":[{"name":"wp","href":"https:\/\/api.w.org\/{rel}","templated":true}]}}