{"id":8966,"date":"2020-06-30T20:23:15","date_gmt":"2020-06-30T18:23:15","guid":{"rendered":"http:\/\/jaheca.se\/carro\/livetpalandet\/?p=8966"},"modified":"2020-06-30T20:23:15","modified_gmt":"2020-06-30T18:23:15","slug":"efit-26-juni-2020","status":"publish","type":"post","link":"https:\/\/jaheca.se\/livetpalandet\/2020\/06\/30\/efit-26-juni-2020\/","title":{"rendered":"EFIT 26 juni 2020"},"content":{"rendered":"<p>Jag&nbsp; tog kort under dagen, men i v\u00e4rmen orkade jag inte l\u00e4gga in dem, och sedan gl\u00f6mde jag av det helt enkelt.&nbsp;<\/p>\n<p>Denna dag var f\u00f6r varm f\u00f6r mig och jag hade varken ork eller energi, s\u00e5 bilderna \u00e4r tagna v\u00e4ldigt oregelbundet under dagen. Klarar inte av h\u00f6g v\u00e4rme speciellt bra tyv\u00e4rr, s\u00e5 jag h\u00f6ll mig inne st\u00f6rre delen av dagen.<\/p>\n<div id=\"attachment_8976\" style=\"width: 498px\" class=\"wp-caption alignnone\"><img loading=\"lazy\" decoding=\"async\" aria-describedby=\"caption-attachment-8976\" class=\"wp-image-8976 size-large\" src=\"http:\/\/jaheca.se\/carro\/livetpalandet\/wp-content\/uploads\/sites\/10\/2020\/07\/20200626_073653-488x650.jpg\" alt=\"\" width=\"488\" height=\"650\"><p id=\"caption-attachment-8976\" class=\"wp-caption-text\">07.35 g\u00e5r upp tidigt f\u00f6r att k\u00f6ra bilen till verkstad f\u00f6r byte av vindrutan (ni ser stenskottet i nedre delen av rutan)<\/p><\/div>\n<div id=\"attachment_8977\" style=\"width: 498px\" class=\"wp-caption alignnone\"><img loading=\"lazy\" decoding=\"async\" aria-describedby=\"caption-attachment-8977\" class=\"wp-image-8977 size-large\" src=\"http:\/\/jaheca.se\/carro\/livetpalandet\/wp-content\/uploads\/sites\/10\/2020\/07\/20200626_082949-488x650.jpg\" alt=\"\" width=\"488\" height=\"650\"><p id=\"caption-attachment-8977\" class=\"wp-caption-text\">08.35 kom hem, hungrig katt v\u00e4ntar p\u00e5 mat<\/p><\/div>\n<p>Gick och lade mig igen sedan, var tr\u00f6tt<\/p>\n<div id=\"attachment_8978\" style=\"width: 498px\" class=\"wp-caption alignnone\"><img loading=\"lazy\" decoding=\"async\" aria-describedby=\"caption-attachment-8978\" class=\"wp-image-8978 size-large\" src=\"http:\/\/jaheca.se\/carro\/livetpalandet\/wp-content\/uploads\/sites\/10\/2020\/07\/20200626_103200-488x650.jpg\" alt=\"\" width=\"488\" height=\"650\"><p id=\"caption-attachment-8978\" class=\"wp-caption-text\">10.30 dags f\u00f6r frukost<\/p><\/div>\n<div id=\"attachment_8979\" style=\"width: 498px\" class=\"wp-caption alignnone\"><img loading=\"lazy\" decoding=\"async\" aria-describedby=\"caption-attachment-8979\" class=\"wp-image-8979 size-large\" src=\"http:\/\/jaheca.se\/carro\/livetpalandet\/wp-content\/uploads\/sites\/10\/2020\/07\/20200626_113759-488x650.jpg\" alt=\"\" width=\"488\" height=\"650\"><p id=\"caption-attachment-8979\" class=\"wp-caption-text\">11.35 sl\u00f6surfar lite<\/p><\/div>\n<p>Handlade och h\u00e4mtade bilen under dagen &#8211; inga bilder d\u00e5<\/p>\n<div id=\"attachment_8968\" style=\"width: 498px\" class=\"wp-caption alignnone\"><img loading=\"lazy\" decoding=\"async\" aria-describedby=\"caption-attachment-8968\" class=\"wp-image-8968 size-large\" src=\"http:\/\/jaheca.se\/carro\/livetpalandet\/wp-content\/uploads\/sites\/10\/2020\/07\/20200626_143116-488x650.jpg\" alt=\"\" width=\"488\" height=\"650\"><p id=\"caption-attachment-8968\" class=\"wp-caption-text\">14.30 kollar temperaturen &#8211; varmt!<\/p><\/div>\n<div id=\"attachment_8969\" style=\"width: 498px\" class=\"wp-caption alignnone\"><img loading=\"lazy\" decoding=\"async\" aria-describedby=\"caption-attachment-8969\" class=\"wp-image-8969 size-large\" src=\"http:\/\/jaheca.se\/carro\/livetpalandet\/wp-content\/uploads\/sites\/10\/2020\/07\/20200626_153305-488x650.jpg\" alt=\"\" width=\"488\" height=\"650\"><p id=\"caption-attachment-8969\" class=\"wp-caption-text\">15.30 v\u00e4lbeh\u00f6vligt med fl\u00e4kt i v\u00e4rmen<\/p><\/div>\n<div id=\"attachment_8970\" style=\"width: 498px\" class=\"wp-caption alignnone\"><img loading=\"lazy\" decoding=\"async\" aria-describedby=\"caption-attachment-8970\" class=\"wp-image-8970 size-large\" src=\"http:\/\/jaheca.se\/carro\/livetpalandet\/wp-content\/uploads\/sites\/10\/2020\/07\/20200626_161452-488x650.jpg\" alt=\"\" width=\"488\" height=\"650\"><p id=\"caption-attachment-8970\" class=\"wp-caption-text\">16.20 ser vackert ljus fr\u00e5n molnet n\u00e4r jag g\u00e5r ut lite<\/p><\/div>\n<div id=\"attachment_8971\" style=\"width: 498px\" class=\"wp-caption alignnone\"><img loading=\"lazy\" decoding=\"async\" aria-describedby=\"caption-attachment-8971\" class=\"wp-image-8971 size-large\" src=\"http:\/\/jaheca.se\/carro\/livetpalandet\/wp-content\/uploads\/sites\/10\/2020\/07\/20200626_175737-488x650.jpg\" alt=\"\" width=\"488\" height=\"650\"><p id=\"caption-attachment-8971\" class=\"wp-caption-text\">17.50 g\u00e5r ut och vattnar lite, pelargonerna blommar fint<\/p><\/div>\n<div id=\"attachment_8972\" style=\"width: 498px\" class=\"wp-caption alignnone\"><img loading=\"lazy\" decoding=\"async\" aria-describedby=\"caption-attachment-8972\" class=\"wp-image-8972 size-large\" src=\"http:\/\/jaheca.se\/carro\/livetpalandet\/wp-content\/uploads\/sites\/10\/2020\/07\/20200626_191052-488x650.jpg\" alt=\"\" width=\"488\" height=\"650\"><p id=\"caption-attachment-8972\" class=\"wp-caption-text\">19.10 dags f\u00f6r middag<\/p><\/div>\n<div id=\"attachment_8973\" style=\"width: 660px\" class=\"wp-caption alignnone\"><img loading=\"lazy\" decoding=\"async\" aria-describedby=\"caption-attachment-8973\" class=\"wp-image-8973 size-large\" src=\"http:\/\/jaheca.se\/carro\/livetpalandet\/wp-content\/uploads\/sites\/10\/2020\/07\/20200626_204920-650x488.jpg\" alt=\"\" width=\"650\" height=\"488\"><p id=\"caption-attachment-8973\" class=\"wp-caption-text\">20.45 fint kv\u00e4llsljus p\u00e5 kv\u00e4llspromenaden med vovven<\/p><\/div>\n<div id=\"attachment_8974\" style=\"width: 498px\" class=\"wp-caption alignnone\"><img loading=\"lazy\" decoding=\"async\" aria-describedby=\"caption-attachment-8974\" class=\"wp-image-8974 size-large\" src=\"http:\/\/jaheca.se\/carro\/livetpalandet\/wp-content\/uploads\/sites\/10\/2020\/07\/20200626_213722-488x650.jpg\" alt=\"\" width=\"488\" height=\"650\"><p id=\"caption-attachment-8974\" class=\"wp-caption-text\">21.35 sitter ute och kopplar av med lite dricka och snacks, och detta blir sista bilden idag<\/p><\/div>\n","protected":false},"excerpt":{"rendered":"<p>Jag&nbsp; tog kort under dagen, men i v\u00e4rmen orkade jag inte l\u00e4gga in dem, och sedan gl\u00f6mde jag av det helt enkelt.&nbsp; Denna dag var f\u00f6r varm f\u00f6r mig och jag hade varken ork eller energi, s\u00e5 bilderna \u00e4r tagna v\u00e4ldigt oregelbundet under dagen. Klarar inte av h\u00f6g v\u00e4rme speciellt bra tyv\u00e4rr, s\u00e5 jag h\u00f6ll mig inne st\u00f6rre delen av dagen. Gick och lade mig igen sedan, var tr\u00f6tt Handlade och h\u00e4mtade bilen under dagen &#8211; inga bilder d\u00e5<\/p>\n","protected":false},"author":1,"featured_media":0,"comment_status":"open","ping_status":"closed","sticky":false,"template":"","format":"standard","meta":{"ngg_post_thumbnail":0,"footnotes":""},"categories":[14],"tags":[],"class_list":["post-8966","post","type-post","status-publish","format-standard","hentry","category-efit"],"_links":{"self":[{"href":"https:\/\/jaheca.se\/livetpalandet\/wp-json\/wp\/v2\/posts\/8966","targetHints":{"allow":["GET"]}}],"collection":[{"href":"https:\/\/jaheca.se\/livetpalandet\/wp-json\/wp\/v2\/posts"}],"about":[{"href":"https:\/\/jaheca.se\/livetpalandet\/wp-json\/wp\/v2\/types\/post"}],"author":[{"embeddable":true,"href":"https:\/\/jaheca.se\/livetpalandet\/wp-json\/wp\/v2\/users\/1"}],"replies":[{"embeddable":true,"href":"https:\/\/jaheca.se\/livetpalandet\/wp-json\/wp\/v2\/comments?post=8966"}],"version-history":[{"count":0,"href":"https:\/\/jaheca.se\/livetpalandet\/wp-json\/wp\/v2\/posts\/8966\/revisions"}],"wp:attachment":[{"href":"https:\/\/jaheca.se\/livetpalandet\/wp-json\/wp\/v2\/media?parent=8966"}],"wp:term":[{"taxonomy":"category","embeddable":true,"href":"https:\/\/jaheca.se\/livetpalandet\/wp-json\/wp\/v2\/categories?post=8966"},{"taxonomy":"post_tag","embeddable":true,"href":"https:\/\/jaheca.se\/livetpalandet\/wp-json\/wp\/v2\/tags?post=8966"}],"curies":[{"name":"wp","href":"https:\/\/api.w.org\/{rel}","templated":true}]}}