{"id":8942,"date":"2020-06-13T16:45:10","date_gmt":"2020-06-13T14:45:10","guid":{"rendered":"http:\/\/jaheca.se\/carro\/livetpalandet\/?p=8942"},"modified":"2020-06-13T16:45:10","modified_gmt":"2020-06-13T14:45:10","slug":"efit-13-juni-2020","status":"publish","type":"post","link":"https:\/\/jaheca.se\/livetpalandet\/2020\/06\/13\/efit-13-juni-2020\/","title":{"rendered":"EFIT 13 juni 2020"},"content":{"rendered":"<p>En varmkvalmig dag med v\u00e4xlande molnighet, en liten skur och soligt fram\u00e5t kv\u00e4llen. N\u00e4rmare 30 grader i solen!<\/p>\n<p>F\u00f6rs\u00f6kte pyssla lite ute s\u00e5 l\u00e4nge det var mulet, men s\u00e5 fort solen kom fram s\u00e5 var det skuggan som g\u00e4llde.<\/p>\n<div id=\"attachment_8941\" style=\"width: 498px\" class=\"wp-caption alignnone\"><img loading=\"lazy\" decoding=\"async\" aria-describedby=\"caption-attachment-8941\" class=\"size-large wp-image-8941\" src=\"http:\/\/jaheca.se\/carro\/livetpalandet\/wp-content\/uploads\/sites\/10\/2020\/06\/wp-15920584826182586262529014946845-488x650.jpg\" alt=\"\" width=\"488\" height=\"650\"><p id=\"caption-attachment-8941\" class=\"wp-caption-text\">9.45 dags f\u00f6r sedvanliga morgonduschen<\/p><\/div>\n<div id=\"attachment_8936\" style=\"width: 498px\" class=\"wp-caption alignnone\"><img loading=\"lazy\" decoding=\"async\" aria-describedby=\"caption-attachment-8936\" class=\"wp-image-8936 size-large\" src=\"http:\/\/jaheca.se\/carro\/livetpalandet\/wp-content\/uploads\/sites\/10\/2020\/06\/wp-15920584825621990350796383518487-488x650.jpg\" alt=\"\" width=\"488\" height=\"650\"><p id=\"caption-attachment-8936\" class=\"wp-caption-text\">10.40 frukost ute, kvalmigt och klibbigt ute<\/p><\/div>\n<div id=\"attachment_8940\" style=\"width: 660px\" class=\"wp-caption alignnone\"><img loading=\"lazy\" decoding=\"async\" aria-describedby=\"caption-attachment-8940\" class=\"size-large wp-image-8940\" src=\"http:\/\/jaheca.se\/carro\/livetpalandet\/wp-content\/uploads\/sites\/10\/2020\/06\/wp-1592058482522289068129889338812-650x488.jpg\" alt=\"\" width=\"650\" height=\"488\"><p id=\"caption-attachment-8940\" class=\"wp-caption-text\">11.45 kollar till v\u00e5r vita klematis som b\u00f6rjar blomma fint<\/p><\/div>\n<div id=\"attachment_8938\" style=\"width: 498px\" class=\"wp-caption alignnone\"><img loading=\"lazy\" decoding=\"async\" aria-describedby=\"caption-attachment-8938\" class=\"wp-image-8938 size-large\" src=\"http:\/\/jaheca.se\/carro\/livetpalandet\/wp-content\/uploads\/sites\/10\/2020\/06\/wp-15920584824333094963165170077597-488x650.jpg\" alt=\"\" width=\"488\" height=\"650\"><p id=\"caption-attachment-8938\" class=\"wp-caption-text\">12.50 vattnar lite, d\u00e5 det varit torrt ett tag och m\u00e5nga krukv\u00e4xter \u00e4r t\u00f6rstiga<\/p><\/div>\n<div id=\"attachment_8935\" style=\"width: 498px\" class=\"wp-caption alignnone\"><img loading=\"lazy\" decoding=\"async\" aria-describedby=\"caption-attachment-8935\" class=\"wp-image-8935 size-large\" src=\"http:\/\/jaheca.se\/carro\/livetpalandet\/wp-content\/uploads\/sites\/10\/2020\/06\/wp-15920584823505681039934807575230-488x650.jpg\" alt=\"\" width=\"488\" height=\"650\"><p id=\"caption-attachment-8935\" class=\"wp-caption-text\">13.55 har precis trimmat klart h\u00f6gt gr\u00e4s h\u00e4r och d\u00e4r, vilket var v\u00e4lbeh\u00f6vligt<\/p><\/div>\n<div id=\"attachment_8939\" style=\"width: 498px\" class=\"wp-caption alignnone\"><img loading=\"lazy\" decoding=\"async\" aria-describedby=\"caption-attachment-8939\" class=\"size-large wp-image-8939\" src=\"http:\/\/jaheca.se\/carro\/livetpalandet\/wp-content\/uploads\/sites\/10\/2020\/06\/wp-15920584822564650778784516917560-488x650.jpg\" alt=\"\" width=\"488\" height=\"650\"><p id=\"caption-attachment-8939\" class=\"wp-caption-text\">14.40 tar en paus i skuggan under \u00e4ppeltr\u00e4det efter lunchen<\/p><\/div>\n<div id=\"attachment_8937\" style=\"width: 498px\" class=\"wp-caption alignnone\"><img loading=\"lazy\" decoding=\"async\" aria-describedby=\"caption-attachment-8937\" class=\"size-large wp-image-8937\" src=\"http:\/\/jaheca.se\/carro\/livetpalandet\/wp-content\/uploads\/sites\/10\/2020\/06\/wp-15920584820915090301222768781984-488x650.jpg\" alt=\"\" width=\"488\" height=\"650\"><p id=\"caption-attachment-8937\" class=\"wp-caption-text\">15.45 en liten skogspromenad i skuggan med vovven f\u00e5r r\u00e4cka i denna v\u00e4rmen<\/p><\/div>\n<div id=\"attachment_8947\" style=\"width: 660px\" class=\"wp-caption alignnone\"><img loading=\"lazy\" decoding=\"async\" aria-describedby=\"caption-attachment-8947\" class=\"wp-image-8947 size-large\" src=\"http:\/\/jaheca.se\/carro\/livetpalandet\/wp-content\/uploads\/sites\/10\/2020\/06\/wp-1592062491097396948484909974323-650x488.jpg\" alt=\"\" width=\"650\" height=\"488\"><p id=\"caption-attachment-8947\" class=\"wp-caption-text\">16.50 jordgubbarna mognar snabbt i v\u00e4rmen. Kommer ha gott om jordgubbar i midsommar bara jag ser till att vattna dem ofta.<\/p><\/div>\n<p>Bonusbild:<\/p>\n<div id=\"attachment_8946\" style=\"width: 660px\" class=\"wp-caption alignnone\"><img loading=\"lazy\" decoding=\"async\" aria-describedby=\"caption-attachment-8946\" class=\"size-large wp-image-8946\" src=\"http:\/\/jaheca.se\/carro\/livetpalandet\/wp-content\/uploads\/sites\/10\/2020\/06\/wp-15920624909787969114677159068808-650x488.jpg\" alt=\"\" width=\"650\" height=\"488\"><p id=\"caption-attachment-8946\" class=\"wp-caption-text\">H\u00e4r ser ni jordgubbslandet och rabarbern, i bakgrunden v\u00e4xer potatis som oxo blir klar till midsommar<\/p><\/div>\n<div id=\"attachment_8949\" style=\"width: 498px\" class=\"wp-caption alignnone\"><img loading=\"lazy\" decoding=\"async\" aria-describedby=\"caption-attachment-8949\" class=\"size-large wp-image-8949\" src=\"http:\/\/jaheca.se\/carro\/livetpalandet\/wp-content\/uploads\/sites\/10\/2020\/06\/wp-15920700223548399635880764902793-488x650.jpg\" alt=\"\" width=\"488\" height=\"650\"><p id=\"caption-attachment-8949\" class=\"wp-caption-text\">Bonusbild 17.30 en god sommardrink<\/p><\/div>\n<div id=\"attachment_8950\" style=\"width: 498px\" class=\"wp-caption alignnone\"><img loading=\"lazy\" decoding=\"async\" aria-describedby=\"caption-attachment-8950\" class=\"size-large wp-image-8950\" src=\"http:\/\/jaheca.se\/carro\/livetpalandet\/wp-content\/uploads\/sites\/10\/2020\/06\/wp-15920700222884970171856820173513-488x650.jpg\" alt=\"\" width=\"488\" height=\"650\"><p id=\"caption-attachment-8950\" class=\"wp-caption-text\">18.00 spolar av bordet innan middagen, blir en del pollen p\u00e5 det.<\/p><\/div>\n<div id=\"attachment_8951\" style=\"width: 498px\" class=\"wp-caption alignnone\"><img loading=\"lazy\" decoding=\"async\" aria-describedby=\"caption-attachment-8951\" class=\"size-large wp-image-8951\" src=\"http:\/\/jaheca.se\/carro\/livetpalandet\/wp-content\/uploads\/sites\/10\/2020\/06\/wp-15920700221701685075356514425704-488x650.jpg\" alt=\"\" width=\"488\" height=\"650\"><p id=\"caption-attachment-8951\" class=\"wp-caption-text\">18.50 dags f\u00f6r middag ute i solen<\/p><\/div>\n<div id=\"attachment_8952\" style=\"width: 660px\" class=\"wp-caption alignnone\"><img loading=\"lazy\" decoding=\"async\" aria-describedby=\"caption-attachment-8952\" class=\"size-large wp-image-8952\" src=\"http:\/\/jaheca.se\/carro\/livetpalandet\/wp-content\/uploads\/sites\/10\/2020\/06\/wp-15920726153502271996577017795991-650x488.jpg\" alt=\"\" width=\"650\" height=\"488\"><p id=\"caption-attachment-8952\" class=\"wp-caption-text\">19.50 ska vattna i v\u00e4xthuset. F\u00f6rs\u00f6ker alltid g\u00f6ra det n\u00e4r skuggorna kommer fram\u00e5t kv\u00e4llen<\/p><\/div>\n<p>Bonusbild:<\/p>\n<div id=\"attachment_8953\" style=\"width: 498px\" class=\"wp-caption alignnone\"><img loading=\"lazy\" decoding=\"async\" aria-describedby=\"caption-attachment-8953\" class=\"size-large wp-image-8953\" src=\"http:\/\/jaheca.se\/carro\/livetpalandet\/wp-content\/uploads\/sites\/10\/2020\/06\/wp-15920726152167274698222800667148-488x650.jpg\" alt=\"\" width=\"488\" height=\"650\"><p id=\"caption-attachment-8953\" class=\"wp-caption-text\">Flera minigurkor p\u00e5 g\u00e5ng<\/p><\/div>\n<div id=\"attachment_8956\" style=\"width: 498px\" class=\"wp-caption alignnone\"><img loading=\"lazy\" decoding=\"async\" aria-describedby=\"caption-attachment-8956\" class=\"size-large wp-image-8956\" src=\"http:\/\/jaheca.se\/carro\/livetpalandet\/wp-content\/uploads\/sites\/10\/2020\/06\/wp-15920793553867761250078202844863-488x650.jpg\" alt=\"\" width=\"488\" height=\"650\"><p id=\"caption-attachment-8956\" class=\"wp-caption-text\">20.50 varit ute med hunden, s\u00e4tter mig ute med drinken fr\u00e5n tidigare<\/p><\/div>\n<div id=\"attachment_8955\" style=\"width: 660px\" class=\"wp-caption alignnone\"><img loading=\"lazy\" decoding=\"async\" aria-describedby=\"caption-attachment-8955\" class=\"size-large wp-image-8955\" src=\"http:\/\/jaheca.se\/carro\/livetpalandet\/wp-content\/uploads\/sites\/10\/2020\/06\/wp-15920793552816424847196461671225-650x488.jpg\" alt=\"\" width=\"650\" height=\"488\"><p id=\"caption-attachment-8955\" class=\"wp-caption-text\">21.55 sitter fortfarande ute. Kollar p\u00e5 Youtube, och detta blir sista bilden idag.<\/p><\/div>\n<p><a href=\"http:\/\/ettfotoitimmen.se\" target=\"_blank\" rel=\"noopener noreferrer\">EFIT<\/a><\/p>\n","protected":false},"excerpt":{"rendered":"<p>En varmkvalmig dag med v\u00e4xlande molnighet, en liten skur och soligt fram\u00e5t kv\u00e4llen. N\u00e4rmare 30 grader i solen! F\u00f6rs\u00f6kte pyssla lite ute s\u00e5 l\u00e4nge det var mulet, men s\u00e5 fort solen kom fram s\u00e5 var det skuggan som g\u00e4llde. Bonusbild: Bonusbild: EFIT<\/p>\n","protected":false},"author":1,"featured_media":0,"comment_status":"open","ping_status":"closed","sticky":false,"template":"","format":"standard","meta":{"ngg_post_thumbnail":0,"footnotes":""},"categories":[14],"tags":[],"class_list":["post-8942","post","type-post","status-publish","format-standard","hentry","category-efit"],"_links":{"self":[{"href":"https:\/\/jaheca.se\/livetpalandet\/wp-json\/wp\/v2\/posts\/8942","targetHints":{"allow":["GET"]}}],"collection":[{"href":"https:\/\/jaheca.se\/livetpalandet\/wp-json\/wp\/v2\/posts"}],"about":[{"href":"https:\/\/jaheca.se\/livetpalandet\/wp-json\/wp\/v2\/types\/post"}],"author":[{"embeddable":true,"href":"https:\/\/jaheca.se\/livetpalandet\/wp-json\/wp\/v2\/users\/1"}],"replies":[{"embeddable":true,"href":"https:\/\/jaheca.se\/livetpalandet\/wp-json\/wp\/v2\/comments?post=8942"}],"version-history":[{"count":0,"href":"https:\/\/jaheca.se\/livetpalandet\/wp-json\/wp\/v2\/posts\/8942\/revisions"}],"wp:attachment":[{"href":"https:\/\/jaheca.se\/livetpalandet\/wp-json\/wp\/v2\/media?parent=8942"}],"wp:term":[{"taxonomy":"category","embeddable":true,"href":"https:\/\/jaheca.se\/livetpalandet\/wp-json\/wp\/v2\/categories?post=8942"},{"taxonomy":"post_tag","embeddable":true,"href":"https:\/\/jaheca.se\/livetpalandet\/wp-json\/wp\/v2\/tags?post=8942"}],"curies":[{"name":"wp","href":"https:\/\/api.w.org\/{rel}","templated":true}]}}