{"id":839,"date":"2013-07-27T16:12:28","date_gmt":"2013-07-27T14:12:28","guid":{"rendered":"http:\/\/jaheca.se\/vardagsliv\/?p=839"},"modified":"2013-07-27T16:12:28","modified_gmt":"2013-07-27T14:12:28","slug":"efit-27-juli-2013","status":"publish","type":"post","link":"https:\/\/jaheca.se\/livetpalandet\/2013\/07\/27\/efit-27-juli-2013\/","title":{"rendered":"EFIT 27 juli 2013"},"content":{"rendered":"<p>Jaha, d\u00e5 var det dags f\u00f6r EFIT igen. Dagen blir blandad, f\u00e5r se vad jag hittar p\u00e5.<br \/>\nBilderna \u00e4r tagna med mobilen, och jag anv\u00e4nder WP-appen till inl\u00e4gget.<\/p>\n<p><a href=\"https:\/\/jaheca.se\/livetpalandet\/wp-content\/uploads\/2013\/07\/wpid-20130727_082431.jpg\"><img decoding=\"async\" title=\"20130727_082431.jpg\" class=\"alignnone size-full\" alt=\"image\" src=\"https:\/\/jaheca.se\/livetpalandet\/wp-content\/uploads\/2013\/07\/wpid-20130727_082431.jpg\" \/><\/a><br \/>\n8.30 Vaknar av s\u00e4llskapssjuk katt<\/p>\n<p><a href=\"https:\/\/jaheca.se\/livetpalandet\/wp-content\/uploads\/2013\/07\/wpid-20130727_092935.jpg\"><img decoding=\"async\" title=\"20130727_092935.jpg\" class=\"alignnone size-full\" alt=\"image\" src=\"https:\/\/jaheca.se\/livetpalandet\/wp-content\/uploads\/2013\/07\/wpid-20130727_092935.jpg\" \/><\/a><br \/>\n9.30 L\u00e4ser dagens G-P.<\/p>\n<p><a href=\"https:\/\/jaheca.se\/livetpalandet\/wp-content\/uploads\/2013\/07\/wpid-20130727_102900.jpg\"><img decoding=\"async\" title=\"20130727_102900.jpg\" class=\"alignnone size-full\" alt=\"image\" src=\"https:\/\/jaheca.se\/livetpalandet\/wp-content\/uploads\/2013\/07\/wpid-20130727_102900.jpg\" \/><\/a><br \/>\n10.30 Frukostdags<\/p>\n<p><a href=\"https:\/\/jaheca.se\/livetpalandet\/wp-content\/uploads\/2013\/07\/wpid-20130727_113243.jpg\"><img decoding=\"async\" title=\"20130727_113243.jpg\" class=\"alignnone size-full\" alt=\"image\" src=\"https:\/\/jaheca.se\/livetpalandet\/wp-content\/uploads\/2013\/07\/wpid-20130727_113243.jpg\" \/><\/a><br \/>\n11.30 Rensar ut bland mina kl\u00e4der<\/p>\n<p><a href=\"https:\/\/jaheca.se\/livetpalandet\/wp-content\/uploads\/2013\/07\/wpid-20130727_123343.jpg\"><img decoding=\"async\" title=\"20130727_123343.jpg\" class=\"alignnone size-full\" alt=\"image\" src=\"https:\/\/jaheca.se\/livetpalandet\/wp-content\/uploads\/2013\/07\/wpid-20130727_123343.jpg\" \/><\/a><br \/>\n12.30 L\u00e4ser p\u00e5 gp.se om skyfallet i G\u00f6teborg i morse.<\/p>\n<p><a href=\"https:\/\/jaheca.se\/livetpalandet\/wp-content\/uploads\/2013\/07\/wpid-20130727_133436.jpg\"><img decoding=\"async\" title=\"20130727_133436.jpg\" class=\"alignnone size-full\" alt=\"image\" src=\"https:\/\/jaheca.se\/livetpalandet\/wp-content\/uploads\/2013\/07\/wpid-20130727_133436.jpg\" \/><\/a><br \/>\n13.30 Dags f\u00f6r en cykeltur<\/p>\n<p><a href=\"https:\/\/jaheca.se\/livetpalandet\/wp-content\/uploads\/2013\/07\/wpid-20130727_142754.jpg\"><img decoding=\"async\" title=\"20130727_142754.jpg\" class=\"alignnone size-full\" alt=\"image\" src=\"https:\/\/jaheca.se\/livetpalandet\/wp-content\/uploads\/2013\/07\/wpid-20130727_142754.jpg\" \/><\/a><br \/>\n14.30 Kort stopp f\u00f6r att ta foto mot Mj\u00f6rn<\/p>\n<p><a href=\"https:\/\/jaheca.se\/livetpalandet\/wp-content\/uploads\/2013\/07\/wpid-20130727_153809.jpg\"><img decoding=\"async\" title=\"20130727_153809.jpg\" class=\"alignnone size-full\" alt=\"image\" src=\"https:\/\/jaheca.se\/livetpalandet\/wp-content\/uploads\/2013\/07\/wpid-20130727_153809.jpg\" \/><\/a><br \/>\n15.35 En smoothie till lunch<\/p>\n<p><a href=\"https:\/\/jaheca.se\/livetpalandet\/wp-content\/uploads\/2013\/07\/wpid-20130727_163317.jpg\"><img decoding=\"async\" title=\"20130727_163317.jpg\" class=\"alignnone size-full\" alt=\"image\" src=\"https:\/\/jaheca.se\/livetpalandet\/wp-content\/uploads\/2013\/07\/wpid-20130727_163317.jpg\" \/><\/a><br \/>\n16.30 Promenerar med fl\u00e4mtig hund i hettan<\/p>\n<p><a href=\"https:\/\/jaheca.se\/livetpalandet\/wp-content\/uploads\/2013\/07\/wpid-20130727_173445.jpg\"><img decoding=\"async\" title=\"20130727_173445.jpg\" class=\"alignnone size-full\" alt=\"image\" src=\"https:\/\/jaheca.se\/livetpalandet\/wp-content\/uploads\/2013\/07\/wpid-20130727_173445.jpg\" \/><\/a><br \/>\n17.30 Blir tr\u00f6tt efter cykelturen och promenaden s\u00e5 jag vilar lite i f\u00e5t\u00f6ljen<\/p>\n<p><a href=\"https:\/\/jaheca.se\/livetpalandet\/wp-content\/uploads\/2013\/07\/wpid-20130727_184448.jpg\"><img decoding=\"async\" title=\"20130727_184448.jpg\" class=\"alignnone size-full\" alt=\"image\" src=\"https:\/\/jaheca.se\/livetpalandet\/wp-content\/uploads\/2013\/07\/wpid-20130727_184448.jpg\" \/><\/a><br \/>\n18.35 Vattnar i v\u00e4xthuset och kollar in de n\u00e4stan mogna tomaterna<\/p>\n<p><a href=\"https:\/\/jaheca.se\/livetpalandet\/wp-content\/uploads\/2013\/07\/wpid-20130727_184941.jpg\"><img decoding=\"async\" title=\"20130727_184941.jpg\" class=\"alignnone size-full\" alt=\"image\" src=\"https:\/\/jaheca.se\/livetpalandet\/wp-content\/uploads\/2013\/07\/wpid-20130727_184941.jpg\" \/><\/a><br \/>\nBonusbild: v\u00e5r andra och st\u00f6rsta gurka<\/p>\n<p><a href=\"https:\/\/jaheca.se\/livetpalandet\/wp-content\/uploads\/2013\/07\/wpid-20130727_190638.jpg\"><img decoding=\"async\" title=\"20130727_190638.jpg\" class=\"alignnone size-full\" alt=\"image\" src=\"https:\/\/jaheca.se\/livetpalandet\/wp-content\/uploads\/2013\/07\/wpid-20130727_190638.jpg\" \/><\/a><br \/>\nBonusbild 2: Tre katter i kattg\u00e5rden<\/p>\n<p><a href=\"https:\/\/jaheca.se\/livetpalandet\/wp-content\/uploads\/2013\/07\/wpid-20130727_194337.jpg\"><img decoding=\"async\" title=\"20130727_194337.jpg\" class=\"alignnone size-full\" alt=\"image\" src=\"https:\/\/jaheca.se\/livetpalandet\/wp-content\/uploads\/2013\/07\/wpid-20130727_194337.jpg\" \/><\/a><br \/>\n19.30 Sorterar bland tr\u00e4ningskl\u00e4derna<\/p>\n<p><a href=\"https:\/\/jaheca.se\/livetpalandet\/wp-content\/uploads\/2013\/07\/wpid-20130727_203805.jpg\"><img decoding=\"async\" title=\"20130727_203805.jpg\" class=\"alignnone size-full\" alt=\"image\" src=\"https:\/\/jaheca.se\/livetpalandet\/wp-content\/uploads\/2013\/07\/wpid-20130727_203805.jpg\" \/><\/a><br \/>\n20.35 Kv\u00e4llspromenad med vovven, och med denna bild avslutar jag dagens EFIT.<\/p>\n<p><a href=\"http:\/\/ettfotoitimmen.se\/\" target=\"_blank\" rel=\"noopener\">EFIT<\/a><\/p>\n","protected":false},"excerpt":{"rendered":"<p>Jaha, d\u00e5 var det dags f\u00f6r EFIT igen. Dagen blir blandad, f\u00e5r se vad jag hittar p\u00e5. Bilderna \u00e4r tagna med mobilen, och jag anv\u00e4nder WP-appen till inl\u00e4gget. 8.30 Vaknar av s\u00e4llskapssjuk katt 9.30 L\u00e4ser dagens G-P. 10.30 Frukostdags 11.30 Rensar ut bland mina kl\u00e4der 12.30 L\u00e4ser p\u00e5 gp.se om skyfallet i G\u00f6teborg i morse. 13.30 Dags f\u00f6r en cykeltur 14.30 Kort stopp f\u00f6r att ta foto mot Mj\u00f6rn 15.35 En smoothie till lunch 16.30 Promenerar med fl\u00e4mtig hund i&#8230; <a class=\"continue-reading-link\" href=\"https:\/\/jaheca.se\/livetpalandet\/2013\/07\/27\/efit-27-juli-2013\/\">L\u00e4s vidare <span class=\"meta-nav\">&rarr; <\/span><\/a><\/p>\n","protected":false},"author":1,"featured_media":0,"comment_status":"open","ping_status":"closed","sticky":false,"template":"","format":"standard","meta":{"ngg_post_thumbnail":0,"footnotes":""},"categories":[14],"tags":[],"class_list":["post-839","post","type-post","status-publish","format-standard","hentry","category-efit"],"_links":{"self":[{"href":"https:\/\/jaheca.se\/livetpalandet\/wp-json\/wp\/v2\/posts\/839","targetHints":{"allow":["GET"]}}],"collection":[{"href":"https:\/\/jaheca.se\/livetpalandet\/wp-json\/wp\/v2\/posts"}],"about":[{"href":"https:\/\/jaheca.se\/livetpalandet\/wp-json\/wp\/v2\/types\/post"}],"author":[{"embeddable":true,"href":"https:\/\/jaheca.se\/livetpalandet\/wp-json\/wp\/v2\/users\/1"}],"replies":[{"embeddable":true,"href":"https:\/\/jaheca.se\/livetpalandet\/wp-json\/wp\/v2\/comments?post=839"}],"version-history":[{"count":0,"href":"https:\/\/jaheca.se\/livetpalandet\/wp-json\/wp\/v2\/posts\/839\/revisions"}],"wp:attachment":[{"href":"https:\/\/jaheca.se\/livetpalandet\/wp-json\/wp\/v2\/media?parent=839"}],"wp:term":[{"taxonomy":"category","embeddable":true,"href":"https:\/\/jaheca.se\/livetpalandet\/wp-json\/wp\/v2\/categories?post=839"},{"taxonomy":"post_tag","embeddable":true,"href":"https:\/\/jaheca.se\/livetpalandet\/wp-json\/wp\/v2\/tags?post=839"}],"curies":[{"name":"wp","href":"https:\/\/api.w.org\/{rel}","templated":true}]}}