{"id":12378,"date":"2026-09-04T16:04:15","date_gmt":"2026-09-04T15:04:15","guid":{"rendered":"https:\/\/jaheca.se\/livetpalandet\/?p=12378"},"modified":"2026-09-04T16:08:45","modified_gmt":"2026-09-04T15:08:45","slug":"langesedan-nu","status":"publish","type":"post","link":"https:\/\/jaheca.se\/livetpalandet\/2026\/09\/04\/langesedan-nu\/","title":{"rendered":"L\u00e4ngesedan nu"},"content":{"rendered":"<p>Det \u00e4r \u00f6ver 3 m\u00e5nader sedan jag skrev ett inl\u00e4gg h\u00e4r (f\u00f6rutom m\u00e5nadsbilderna nyligen), och det blev bara s\u00e5.<\/p>\n<p>V\u00e4rmen som varit gjorde att jag varken hade ork eller energi att sitta vid laptopen och skriva, och de dagar det var mulet passade man ju p\u00e5 att f\u00f6rs\u00f6ka jobba ute i tr\u00e4dg\u00e5rden s\u00e5 mycket det gick.<\/p>\n<p>Jag och svensk kvalmig, klibbig v\u00e4rme g\u00e5r definitivt inte ihop, och jag \u00e4r glad att det fanns AC i sovrummet p\u00e5 n\u00e4tterna! Annars hade jag garanterat d\u00f6tt i v\u00e4rmen&#8230;&nbsp;<\/p>\n<p>Under sommaren har det blivit en kortare husvagnsresa, annars har vi mest varit hemma och kopplat av n\u00e4r det nu inte var f\u00f6r varmt.<\/p>\n<p>I tr\u00e4dg\u00e5rden trappar jag ner f\u00f6r fullt, och \u00e5rets lilla odlingar b\u00f6rjar sl\u00e4ngas p\u00e5 komposten. Dock har jag mest odlat tomat och gurka i mitt lilla miniv\u00e4xthus, och de har gett upp vid det h\u00e4r laget, s\u00e5 det \u00e4r bara att rensa ut alltihopa.<\/p>\n<p>Men nu \u00e4r h\u00f6sten \u00e4ntligen p\u00e5 v\u00e4g, och jag k\u00e4nner att energin b\u00f6rjar \u00e5terv\u00e4nda igen, s\u00e5 vi f\u00e5r v\u00e4l se om det dyker upp fler inl\u00e4gg fram\u00f6ver.<\/p>\n<p><a href=\"https:\/\/jaheca.se\/livetpalandet\/utmaningar-2026\/kaosutmaningen-2026\/\">Kaosutmaningen<\/a> har jag dock fortsatt med under sommaren, och har idag l\u00e4st 30 av 40 b\u00f6cker.<\/p>\n","protected":false},"excerpt":{"rendered":"<p>Det \u00e4r \u00f6ver 3 m\u00e5nader sedan jag skrev ett inl\u00e4gg h\u00e4r (f\u00f6rutom m\u00e5nadsbilderna nyligen), och det blev bara s\u00e5. V\u00e4rmen som varit gjorde att jag varken hade ork eller energi att sitta vid laptopen och skriva, och de dagar det var mulet passade man ju p\u00e5 att f\u00f6rs\u00f6ka jobba ute i tr\u00e4dg\u00e5rden s\u00e5 mycket det gick. Jag och svensk kvalmig, klibbig v\u00e4rme g\u00e5r definitivt inte ihop, och jag \u00e4r glad att det fanns AC i sovrummet p\u00e5 n\u00e4tterna! Annars hade&#8230; <a class=\"continue-reading-link\" href=\"https:\/\/jaheca.se\/livetpalandet\/2026\/09\/04\/langesedan-nu\/\">L\u00e4s vidare <span class=\"meta-nav\">&rarr; <\/span><\/a><\/p>\n","protected":false},"author":1,"featured_media":0,"comment_status":"open","ping_status":"closed","sticky":false,"template":"","format":"standard","meta":{"ngg_post_thumbnail":0,"footnotes":""},"categories":[5],"tags":[],"class_list":["post-12378","post","type-post","status-publish","format-standard","hentry","category-babbel"],"_links":{"self":[{"href":"https:\/\/jaheca.se\/livetpalandet\/wp-json\/wp\/v2\/posts\/12378","targetHints":{"allow":["GET"]}}],"collection":[{"href":"https:\/\/jaheca.se\/livetpalandet\/wp-json\/wp\/v2\/posts"}],"about":[{"href":"https:\/\/jaheca.se\/livetpalandet\/wp-json\/wp\/v2\/types\/post"}],"author":[{"embeddable":true,"href":"https:\/\/jaheca.se\/livetpalandet\/wp-json\/wp\/v2\/users\/1"}],"replies":[{"embeddable":true,"href":"https:\/\/jaheca.se\/livetpalandet\/wp-json\/wp\/v2\/comments?post=12378"}],"version-history":[{"count":2,"href":"https:\/\/jaheca.se\/livetpalandet\/wp-json\/wp\/v2\/posts\/12378\/revisions"}],"predecessor-version":[{"id":12381,"href":"https:\/\/jaheca.se\/livetpalandet\/wp-json\/wp\/v2\/posts\/12378\/revisions\/12381"}],"wp:attachment":[{"href":"https:\/\/jaheca.se\/livetpalandet\/wp-json\/wp\/v2\/media?parent=12378"}],"wp:term":[{"taxonomy":"category","embeddable":true,"href":"https:\/\/jaheca.se\/livetpalandet\/wp-json\/wp\/v2\/categories?post=12378"},{"taxonomy":"post_tag","embeddable":true,"href":"https:\/\/jaheca.se\/livetpalandet\/wp-json\/wp\/v2\/tags?post=12378"}],"curies":[{"name":"wp","href":"https:\/\/api.w.org\/{rel}","templated":true}]}}