{"id":12372,"date":"2026-08-21T15:16:20","date_gmt":"2026-08-21T14:16:20","guid":{"rendered":"https:\/\/jaheca.se\/livetpalandet\/?p=12372"},"modified":"2026-09-04T15:24:49","modified_gmt":"2026-09-04T14:24:49","slug":"manadsbilden-augusti-2026","status":"publish","type":"post","link":"https:\/\/jaheca.se\/livetpalandet\/2026\/08\/21\/manadsbilden-augusti-2026\/","title":{"rendered":"M\u00e5nadsbilden augusti 2026"},"content":{"rendered":"<p>Tyv\u00e4rr missade jag totalt att ta en bild i juli, d\u00e5 vi var iv\u00e4g en del under m\u00e5naden, s\u00e5 ni f\u00e5r h\u00e5lla till godo med en sen bild i augusti ist\u00e4llet.<\/p>\n<p><img loading=\"lazy\" decoding=\"async\" class=\"alignnone size-large wp-image-12368\" src=\"https:\/\/jaheca.se\/livetpalandet\/wp-content\/uploads\/2026\/09\/20260820_140511-675x506.jpg\" alt=\"\" width=\"675\" height=\"506\" srcset=\"https:\/\/jaheca.se\/livetpalandet\/wp-content\/uploads\/2026\/09\/20260820_140511-675x506.jpg 675w, https:\/\/jaheca.se\/livetpalandet\/wp-content\/uploads\/2026\/09\/20260820_140511-325x244.jpg 325w, https:\/\/jaheca.se\/livetpalandet\/wp-content\/uploads\/2026\/09\/20260820_140511-768x576.jpg 768w, https:\/\/jaheca.se\/livetpalandet\/wp-content\/uploads\/2026\/09\/20260820_140511-150x113.jpg 150w, https:\/\/jaheca.se\/livetpalandet\/wp-content\/uploads\/2026\/09\/20260820_140511-200x150.jpg 200w, https:\/\/jaheca.se\/livetpalandet\/wp-content\/uploads\/2026\/09\/20260820_140511.jpg 1000w\" sizes=\"auto, (max-width: 675px) 100vw, 675px\" \/><\/p>\n<p>Det mesta b\u00f6rjar g\u00e5 mot sluttampen, och det \u00e4r snart dags att rensa ut lite rufsiga och torra v\u00e4xter. Det har blivit en del gurkor och tomater i v\u00e4xthuset, men nu \u00e4r det inte mycket kvar.<\/p>\n<p>Bilden togs 20 augusti en halvmulen och varm dag.<\/p>\n<p>Klicka p\u00e5&nbsp;<a href=\"https:\/\/jaheca.se\/livetpalandet\/category\/manadsbilden-2026\/\">M\u00e5nadsbilden 2026<\/a>, s\u00e5 f\u00e5r ni upp alla bilderna.<\/p>\n","protected":false},"excerpt":{"rendered":"<p>Tyv\u00e4rr missade jag totalt att ta en bild i juli, d\u00e5 vi var iv\u00e4g en del under m\u00e5naden, s\u00e5 ni f\u00e5r h\u00e5lla till godo med en sen bild i augusti ist\u00e4llet. Det mesta b\u00f6rjar g\u00e5 mot sluttampen, och det \u00e4r snart dags att rensa ut lite rufsiga och torra v\u00e4xter. Det har blivit en del gurkor och tomater i v\u00e4xthuset, men nu \u00e4r det inte mycket kvar. Bilden togs 20 augusti en halvmulen och varm dag. Klicka p\u00e5&nbsp;M\u00e5nadsbilden 2026, s\u00e5&#8230; <a class=\"continue-reading-link\" href=\"https:\/\/jaheca.se\/livetpalandet\/2026\/08\/21\/manadsbilden-augusti-2026\/\">L\u00e4s vidare <span class=\"meta-nav\">&rarr; <\/span><\/a><\/p>\n","protected":false},"author":1,"featured_media":0,"comment_status":"open","ping_status":"closed","sticky":false,"template":"","format":"standard","meta":{"ngg_post_thumbnail":0,"footnotes":""},"categories":[70],"tags":[],"class_list":["post-12372","post","type-post","status-publish","format-standard","hentry","category-manadsbilden-2026"],"_links":{"self":[{"href":"https:\/\/jaheca.se\/livetpalandet\/wp-json\/wp\/v2\/posts\/12372","targetHints":{"allow":["GET"]}}],"collection":[{"href":"https:\/\/jaheca.se\/livetpalandet\/wp-json\/wp\/v2\/posts"}],"about":[{"href":"https:\/\/jaheca.se\/livetpalandet\/wp-json\/wp\/v2\/types\/post"}],"author":[{"embeddable":true,"href":"https:\/\/jaheca.se\/livetpalandet\/wp-json\/wp\/v2\/users\/1"}],"replies":[{"embeddable":true,"href":"https:\/\/jaheca.se\/livetpalandet\/wp-json\/wp\/v2\/comments?post=12372"}],"version-history":[{"count":2,"href":"https:\/\/jaheca.se\/livetpalandet\/wp-json\/wp\/v2\/posts\/12372\/revisions"}],"predecessor-version":[{"id":12376,"href":"https:\/\/jaheca.se\/livetpalandet\/wp-json\/wp\/v2\/posts\/12372\/revisions\/12376"}],"wp:attachment":[{"href":"https:\/\/jaheca.se\/livetpalandet\/wp-json\/wp\/v2\/media?parent=12372"}],"wp:term":[{"taxonomy":"category","embeddable":true,"href":"https:\/\/jaheca.se\/livetpalandet\/wp-json\/wp\/v2\/categories?post=12372"},{"taxonomy":"post_tag","embeddable":true,"href":"https:\/\/jaheca.se\/livetpalandet\/wp-json\/wp\/v2\/tags?post=12372"}],"curies":[{"name":"wp","href":"https:\/\/api.w.org\/{rel}","templated":true}]}}