{"id":12369,"date":"2026-06-15T17:12:43","date_gmt":"2026-06-15T16:12:43","guid":{"rendered":"https:\/\/jaheca.se\/livetpalandet\/?p=12369"},"modified":"2026-09-04T15:24:27","modified_gmt":"2026-09-04T14:24:27","slug":"manadsbilden-juni-2026","status":"publish","type":"post","link":"https:\/\/jaheca.se\/livetpalandet\/2026\/06\/15\/manadsbilden-juni-2026\/","title":{"rendered":"M\u00e5nadsbilden juni 2026"},"content":{"rendered":"<p>Sent omsider kommer h\u00e4r m\u00e5nadsbilden f\u00f6r juni, jag l\u00e4gger dock inl\u00e4gget p\u00e5 dagen efter, s\u00e5 det kommer i r\u00e4tt ordning.<\/p>\n<p><img loading=\"lazy\" decoding=\"async\" class=\"alignnone size-large wp-image-12367\" src=\"https:\/\/jaheca.se\/livetpalandet\/wp-content\/uploads\/2026\/09\/20260614_125638-675x506.jpg\" alt=\"\" width=\"675\" height=\"506\" srcset=\"https:\/\/jaheca.se\/livetpalandet\/wp-content\/uploads\/2026\/09\/20260614_125638-675x506.jpg 675w, https:\/\/jaheca.se\/livetpalandet\/wp-content\/uploads\/2026\/09\/20260614_125638-325x244.jpg 325w, https:\/\/jaheca.se\/livetpalandet\/wp-content\/uploads\/2026\/09\/20260614_125638-768x576.jpg 768w, https:\/\/jaheca.se\/livetpalandet\/wp-content\/uploads\/2026\/09\/20260614_125638-150x113.jpg 150w, https:\/\/jaheca.se\/livetpalandet\/wp-content\/uploads\/2026\/09\/20260614_125638-200x150.jpg 200w, https:\/\/jaheca.se\/livetpalandet\/wp-content\/uploads\/2026\/09\/20260614_125638.jpg 1000w\" sizes=\"auto, (max-width: 675px) 100vw, 675px\" \/><\/p>\n<p>Det blommar i rabatten och v\u00e4xer f\u00f6r fullt \u00f6verallt. Dock har det inte tagit fart ordentligt i v\u00e4xthuset \u00e4nnu, men l\u00e4ngre fram blev det b\u00e4ttre.<\/p>\n<p>Bilden togs mitt p\u00e5 dagen den 14 juni.<\/p>\n<p>Klicka p\u00e5&nbsp;<a href=\"https:\/\/jaheca.se\/livetpalandet\/category\/manadsbilden-2026\/\">M\u00e5nadsbilden 2026<\/a>, s\u00e5 f\u00e5r ni upp alla bilderna.<\/p>\n","protected":false},"excerpt":{"rendered":"<p>Sent omsider kommer h\u00e4r m\u00e5nadsbilden f\u00f6r juni, jag l\u00e4gger dock inl\u00e4gget p\u00e5 dagen efter, s\u00e5 det kommer i r\u00e4tt ordning. Det blommar i rabatten och v\u00e4xer f\u00f6r fullt \u00f6verallt. Dock har det inte tagit fart ordentligt i v\u00e4xthuset \u00e4nnu, men l\u00e4ngre fram blev det b\u00e4ttre. Bilden togs mitt p\u00e5 dagen den 14 juni. Klicka p\u00e5&nbsp;M\u00e5nadsbilden 2026, s\u00e5 f\u00e5r ni upp alla bilderna.<\/p>\n","protected":false},"author":1,"featured_media":0,"comment_status":"open","ping_status":"closed","sticky":false,"template":"","format":"standard","meta":{"ngg_post_thumbnail":0,"footnotes":""},"categories":[70],"tags":[],"class_list":["post-12369","post","type-post","status-publish","format-standard","hentry","category-manadsbilden-2026"],"_links":{"self":[{"href":"https:\/\/jaheca.se\/livetpalandet\/wp-json\/wp\/v2\/posts\/12369","targetHints":{"allow":["GET"]}}],"collection":[{"href":"https:\/\/jaheca.se\/livetpalandet\/wp-json\/wp\/v2\/posts"}],"about":[{"href":"https:\/\/jaheca.se\/livetpalandet\/wp-json\/wp\/v2\/types\/post"}],"author":[{"embeddable":true,"href":"https:\/\/jaheca.se\/livetpalandet\/wp-json\/wp\/v2\/users\/1"}],"replies":[{"embeddable":true,"href":"https:\/\/jaheca.se\/livetpalandet\/wp-json\/wp\/v2\/comments?post=12369"}],"version-history":[{"count":4,"href":"https:\/\/jaheca.se\/livetpalandet\/wp-json\/wp\/v2\/posts\/12369\/revisions"}],"predecessor-version":[{"id":12375,"href":"https:\/\/jaheca.se\/livetpalandet\/wp-json\/wp\/v2\/posts\/12369\/revisions\/12375"}],"wp:attachment":[{"href":"https:\/\/jaheca.se\/livetpalandet\/wp-json\/wp\/v2\/media?parent=12369"}],"wp:term":[{"taxonomy":"category","embeddable":true,"href":"https:\/\/jaheca.se\/livetpalandet\/wp-json\/wp\/v2\/categories?post=12369"},{"taxonomy":"post_tag","embeddable":true,"href":"https:\/\/jaheca.se\/livetpalandet\/wp-json\/wp\/v2\/tags?post=12369"}],"curies":[{"name":"wp","href":"https:\/\/api.w.org\/{rel}","templated":true}]}}