{"id":12343,"date":"2026-05-03T12:15:43","date_gmt":"2026-05-03T11:15:43","guid":{"rendered":"https:\/\/jaheca.se\/livetpalandet\/?p=12343"},"modified":"2026-05-03T12:15:43","modified_gmt":"2026-05-03T11:15:43","slug":"fem-en-fredag-v-18-om-och-om-igen","status":"publish","type":"post","link":"https:\/\/jaheca.se\/livetpalandet\/2026\/05\/03\/fem-en-fredag-v-18-om-och-om-igen\/","title":{"rendered":"Fem en fredag v 18: Om och om igen"},"content":{"rendered":"<p>F\u00f6rsta Maj var en riktigt sk\u00f6n dag med en del blandat tr\u00e4dg\u00e5rdsarbete under dagen.<\/p>\n<p>D\u00e5 var det dags f\u00f6r Fem en fredag, som h\u00e5lls av&nbsp;<a href=\"http:\/\/elisamatilda.se\/\" target=\"_blank\" rel=\"noopener\">Elisamatilda<\/a>, och temat \u00e4r <a href=\"https:\/\/www.elisamatilda.se\/fem-en-fredag-v-18-om-och-om-igen\/\" target=\"_blank\" rel=\"noopener\">Om och om igen<\/a><\/p>\n<ol class=\"wp-block-list\">\n<li>Om du fick v\u00e4lja en ny vana nu direkt, vad skulle det vara?<\/li>\n<li>Om du fick slippa n\u00e5got helt, vad skulle det vara?<\/li>\n<li>Om du fick v\u00e4lja en talang att ha, vilken skulle det vara?<\/li>\n<li>Om du fick v\u00e4lja n\u00e5got att alltid ha tid f\u00f6r, vad skulle det vara?<\/li>\n<li>Om du fick v\u00e4lja ett beslut att slippa ta, vad skulle det vara?<\/li>\n<\/ol>\n<p><strong>Om du fick v\u00e4lja en ny vana nu direkt, vad skulle det vara?<\/strong><br \/>\nF\u00e5 in stretch\u00f6vningar och l\u00e4ttare tr\u00e4ning varje dag f\u00f6r ryggens skull.<\/p>\n<p><strong>Om du fick slippa n\u00e5got helt, vad skulle det vara?<\/strong><br \/>\nPollen! Som tur \u00e4r \u00e4r det inte s\u00e5 illa \u00e4nnu, men det r\u00e4cker f\u00f6r en del kliande i \u00f6gonen och nysningar titt som t\u00e4tt. (har dock tabletter som lindrar en hel del)<\/p>\n<p><strong>Om du fick v\u00e4lja en talang att ha, vilken skulle det vara?<\/strong><br \/>\nHandarbete! Avskydde sysl\u00f6jden i skolan, men nu k\u00e4nner jag att jag g\u00e4rna skulle vilja kunna sticka eller virka lite n\u00e4r andan faller p\u00e5.<\/p>\n<p><strong>Om du fick v\u00e4lja n\u00e5got att alltid ha tid f\u00f6r, vad skulle det vara?<\/strong><br \/>\nTja, mer motion och tr\u00e4ning vore ju alltid bra att ha tid f\u00f6r, men \u00e4ven mer umg\u00e4nge med barn och barnbarn.<\/p>\n<p><strong>Om du fick v\u00e4lja ett beslut att slippa ta, vad skulle det vara?<\/strong><br \/>\nVilket v\u00e4xthus jag ska k\u00f6pa till n\u00e4sta s\u00e4song! St\u00e5r i valet och kvalet mellan flera olika, b\u00e5de vad g\u00e4ller fabrikat och storlek.<\/p>\n<p><img loading=\"lazy\" decoding=\"async\" class=\"alignnone size-large wp-image-12345\" src=\"https:\/\/jaheca.se\/livetpalandet\/wp-content\/uploads\/2026\/05\/20260502_151716-506x675.jpg\" alt=\"\" width=\"506\" height=\"675\" srcset=\"https:\/\/jaheca.se\/livetpalandet\/wp-content\/uploads\/2026\/05\/20260502_151716-506x675.jpg 506w, https:\/\/jaheca.se\/livetpalandet\/wp-content\/uploads\/2026\/05\/20260502_151716-244x325.jpg 244w, https:\/\/jaheca.se\/livetpalandet\/wp-content\/uploads\/2026\/05\/20260502_151716-113x150.jpg 113w, https:\/\/jaheca.se\/livetpalandet\/wp-content\/uploads\/2026\/05\/20260502_151716-rotated.jpg 750w\" sizes=\"auto, (max-width: 506px) 100vw, 506px\" \/><\/p>\n<p>Vitsipporna blommar f\u00f6r fullt i skogen<\/p>\n","protected":false},"excerpt":{"rendered":"<p>F\u00f6rsta Maj var en riktigt sk\u00f6n dag med en del blandat tr\u00e4dg\u00e5rdsarbete under dagen. D\u00e5 var det dags f\u00f6r Fem en fredag, som h\u00e5lls av&nbsp;Elisamatilda, och temat \u00e4r Om och om igen Om du fick v\u00e4lja en ny vana nu direkt, vad skulle det vara? Om du fick slippa n\u00e5got helt, vad skulle det vara? Om du fick v\u00e4lja en talang att ha, vilken skulle det vara? Om du fick v\u00e4lja n\u00e5got att alltid ha tid f\u00f6r, vad skulle det&#8230; <a class=\"continue-reading-link\" href=\"https:\/\/jaheca.se\/livetpalandet\/2026\/05\/03\/fem-en-fredag-v-18-om-och-om-igen\/\">L\u00e4s vidare <span class=\"meta-nav\">&rarr; <\/span><\/a><\/p>\n","protected":false},"author":1,"featured_media":0,"comment_status":"open","ping_status":"closed","sticky":false,"template":"","format":"standard","meta":{"ngg_post_thumbnail":0,"footnotes":""},"categories":[71],"tags":[],"class_list":["post-12343","post","type-post","status-publish","format-standard","hentry","category-fem-en-fredag"],"_links":{"self":[{"href":"https:\/\/jaheca.se\/livetpalandet\/wp-json\/wp\/v2\/posts\/12343","targetHints":{"allow":["GET"]}}],"collection":[{"href":"https:\/\/jaheca.se\/livetpalandet\/wp-json\/wp\/v2\/posts"}],"about":[{"href":"https:\/\/jaheca.se\/livetpalandet\/wp-json\/wp\/v2\/types\/post"}],"author":[{"embeddable":true,"href":"https:\/\/jaheca.se\/livetpalandet\/wp-json\/wp\/v2\/users\/1"}],"replies":[{"embeddable":true,"href":"https:\/\/jaheca.se\/livetpalandet\/wp-json\/wp\/v2\/comments?post=12343"}],"version-history":[{"count":2,"href":"https:\/\/jaheca.se\/livetpalandet\/wp-json\/wp\/v2\/posts\/12343\/revisions"}],"predecessor-version":[{"id":12346,"href":"https:\/\/jaheca.se\/livetpalandet\/wp-json\/wp\/v2\/posts\/12343\/revisions\/12346"}],"wp:attachment":[{"href":"https:\/\/jaheca.se\/livetpalandet\/wp-json\/wp\/v2\/media?parent=12343"}],"wp:term":[{"taxonomy":"category","embeddable":true,"href":"https:\/\/jaheca.se\/livetpalandet\/wp-json\/wp\/v2\/categories?post=12343"},{"taxonomy":"post_tag","embeddable":true,"href":"https:\/\/jaheca.se\/livetpalandet\/wp-json\/wp\/v2\/tags?post=12343"}],"curies":[{"name":"wp","href":"https:\/\/api.w.org\/{rel}","templated":true}]}}