{"id":12339,"date":"2026-05-03T11:27:18","date_gmt":"2026-05-03T10:27:18","guid":{"rendered":"https:\/\/jaheca.se\/livetpalandet\/?p=12339"},"modified":"2026-05-03T11:27:18","modified_gmt":"2026-05-03T10:27:18","slug":"just-nu-maj-2026","status":"publish","type":"post","link":"https:\/\/jaheca.se\/livetpalandet\/2026\/05\/03\/just-nu-maj-2026\/","title":{"rendered":"Just nu &#8211; maj 2026"},"content":{"rendered":"<p>Efter flera dagar med str\u00e5lande solsken och tr\u00e4dg\u00e5rdsarbete hela dagarna, s\u00e5 k\u00e4nns det faktiskt sk\u00f6nt med en mulen dag, s\u00e5 man kan unna sig lite innepyssel och l\u00e4sning.&nbsp;<\/p>\n<p>Dags f\u00f6r fr\u00e5gorna p\u00e5 <a href=\"https:\/\/www.kulturkollo.se\/tag\/just-nu\/\" target=\"_blank\" rel=\"noopener\">Just nu<\/a>&nbsp;som finns p\u00e5&nbsp;<a href=\"https:\/\/www.kulturkollo.se\/\" target=\"_blank\" rel=\"noopener\">Kulturkollo<\/a>&nbsp;i b\u00f6rjan av varje m\u00e5nad.<\/p>\n<p><strong>Just nu l\u00e4ser jag<\/strong> v\u00e4ldigt lite, d\u00e5 jag mest \u00e4r ute i tr\u00e4dg\u00e5rden, men nyligen l\u00e4ste jag ut <em>Lucia \u00e4r d\u00f6d<\/em> av <em>Katarina Wennstam.<\/em><\/p>\n<p><del><strong>Just nu lyssnar jag p\u00e5<\/strong><\/del>&nbsp; h\u00f6r inte p.g.a. h\u00f6rselskada.<\/p>\n<p><strong>Just nu tittar jag p\u00e5&nbsp;<\/strong>olika dokument\u00e4rer om katastrofer som skett, bl.a. Fukushimakatastrofen (tsunamin) i Japan 2011.<\/p>\n<p><strong>Just nu njuter jag av<\/strong> att vara inne en hel dag, efter n\u00e4stan en vecka med sol, sol och tr\u00e4dg\u00e5rdsarbete hela dagarna.<\/p>\n<p><strong>Just nu l\u00e4ngtar jag efter<\/strong> en rej\u00e4l dos regn, det beh\u00f6vs verkligen \u00f6verallt denna torra v\u00e5r, och f\u00f6r b\u00f6nderna blir det ju tufft utan regn.<\/p>\n","protected":false},"excerpt":{"rendered":"<p>Efter flera dagar med str\u00e5lande solsken och tr\u00e4dg\u00e5rdsarbete hela dagarna, s\u00e5 k\u00e4nns det faktiskt sk\u00f6nt med en mulen dag, s\u00e5 man kan unna sig lite innepyssel och l\u00e4sning.&nbsp; Dags f\u00f6r fr\u00e5gorna p\u00e5 Just nu&nbsp;som finns p\u00e5&nbsp;Kulturkollo&nbsp;i b\u00f6rjan av varje m\u00e5nad. Just nu l\u00e4ser jag v\u00e4ldigt lite, d\u00e5 jag mest \u00e4r ute i tr\u00e4dg\u00e5rden, men nyligen l\u00e4ste jag ut Lucia \u00e4r d\u00f6d av Katarina Wennstam. Just nu lyssnar jag p\u00e5&nbsp; h\u00f6r inte p.g.a. h\u00f6rselskada. Just nu tittar jag p\u00e5&nbsp;olika dokument\u00e4rer om&#8230; <a class=\"continue-reading-link\" href=\"https:\/\/jaheca.se\/livetpalandet\/2026\/05\/03\/just-nu-maj-2026\/\">L\u00e4s vidare <span class=\"meta-nav\">&rarr; <\/span><\/a><\/p>\n","protected":false},"author":1,"featured_media":0,"comment_status":"open","ping_status":"closed","sticky":false,"template":"","format":"standard","meta":{"ngg_post_thumbnail":0,"footnotes":""},"categories":[72],"tags":[],"class_list":["post-12339","post","type-post","status-publish","format-standard","hentry","category-just-nu"],"_links":{"self":[{"href":"https:\/\/jaheca.se\/livetpalandet\/wp-json\/wp\/v2\/posts\/12339","targetHints":{"allow":["GET"]}}],"collection":[{"href":"https:\/\/jaheca.se\/livetpalandet\/wp-json\/wp\/v2\/posts"}],"about":[{"href":"https:\/\/jaheca.se\/livetpalandet\/wp-json\/wp\/v2\/types\/post"}],"author":[{"embeddable":true,"href":"https:\/\/jaheca.se\/livetpalandet\/wp-json\/wp\/v2\/users\/1"}],"replies":[{"embeddable":true,"href":"https:\/\/jaheca.se\/livetpalandet\/wp-json\/wp\/v2\/comments?post=12339"}],"version-history":[{"count":1,"href":"https:\/\/jaheca.se\/livetpalandet\/wp-json\/wp\/v2\/posts\/12339\/revisions"}],"predecessor-version":[{"id":12340,"href":"https:\/\/jaheca.se\/livetpalandet\/wp-json\/wp\/v2\/posts\/12339\/revisions\/12340"}],"wp:attachment":[{"href":"https:\/\/jaheca.se\/livetpalandet\/wp-json\/wp\/v2\/media?parent=12339"}],"wp:term":[{"taxonomy":"category","embeddable":true,"href":"https:\/\/jaheca.se\/livetpalandet\/wp-json\/wp\/v2\/categories?post=12339"},{"taxonomy":"post_tag","embeddable":true,"href":"https:\/\/jaheca.se\/livetpalandet\/wp-json\/wp\/v2\/tags?post=12339"}],"curies":[{"name":"wp","href":"https:\/\/api.w.org\/{rel}","templated":true}]}}