{"id":12300,"date":"2026-03-14T16:33:59","date_gmt":"2026-03-14T15:33:59","guid":{"rendered":"https:\/\/jaheca.se\/livetpalandet\/?p=12300"},"modified":"2026-03-14T16:34:48","modified_gmt":"2026-03-14T15:34:48","slug":"manadsbilden-mars","status":"publish","type":"post","link":"https:\/\/jaheca.se\/livetpalandet\/2026\/03\/14\/manadsbilden-mars\/","title":{"rendered":"M\u00e5nadsbilden mars"},"content":{"rendered":"<p><img loading=\"lazy\" decoding=\"async\" class=\"alignnone size-large wp-image-12299\" src=\"https:\/\/jaheca.se\/livetpalandet\/wp-content\/uploads\/2026\/03\/20260314_132049_1-675x506.jpg\" alt=\"\" width=\"675\" height=\"506\" srcset=\"https:\/\/jaheca.se\/livetpalandet\/wp-content\/uploads\/2026\/03\/20260314_132049_1-675x506.jpg 675w, https:\/\/jaheca.se\/livetpalandet\/wp-content\/uploads\/2026\/03\/20260314_132049_1-325x243.jpg 325w, https:\/\/jaheca.se\/livetpalandet\/wp-content\/uploads\/2026\/03\/20260314_132049_1-768x575.jpg 768w, https:\/\/jaheca.se\/livetpalandet\/wp-content\/uploads\/2026\/03\/20260314_132049_1-150x112.jpg 150w, https:\/\/jaheca.se\/livetpalandet\/wp-content\/uploads\/2026\/03\/20260314_132049_1-200x150.jpg 200w, https:\/\/jaheca.se\/livetpalandet\/wp-content\/uploads\/2026\/03\/20260314_132049_1.jpg 1000w\" sizes=\"auto, (max-width: 675px) 100vw, 675px\" \/><\/p>\n<p>Ja, det \u00e4r en viss skillnad nu i mars, d\u00e5 sn\u00f6n \u00e4ntligen \u00e4r borta. Men tyv\u00e4rr har en del av plantorna gett upp, s\u00e5 jag f\u00e5r byta ut dem fram\u00e5t v\u00e5ren.<\/p>\n<p>Bilden \u00e4r tagen 14 mars, och det \u00e4r ljust mulet och +7\u00b0 ute.<\/p>\n<p><img loading=\"lazy\" decoding=\"async\" class=\"alignnone size-large wp-image-12301\" src=\"https:\/\/jaheca.se\/livetpalandet\/wp-content\/uploads\/2026\/03\/20260314_132129-506x675.jpg\" alt=\"\" width=\"506\" height=\"675\" srcset=\"https:\/\/jaheca.se\/livetpalandet\/wp-content\/uploads\/2026\/03\/20260314_132129-506x675.jpg 506w, https:\/\/jaheca.se\/livetpalandet\/wp-content\/uploads\/2026\/03\/20260314_132129-244x325.jpg 244w, https:\/\/jaheca.se\/livetpalandet\/wp-content\/uploads\/2026\/03\/20260314_132129-113x150.jpg 113w, https:\/\/jaheca.se\/livetpalandet\/wp-content\/uploads\/2026\/03\/20260314_132129.jpg 750w\" sizes=\"auto, (max-width: 506px) 100vw, 506px\" \/><\/p>\n<p>Bonusbild &#8211; dessa krokusar st\u00e5r l\u00e4ngst bak och l\u00e4ngst till v\u00e4nster i rabatten p\u00e5 ovanst\u00e5ende bild, s\u00e5 de syns inte alls \ud83d\ude42<\/p>\n<p>Klicka p\u00e5&nbsp;<a href=\"https:\/\/jaheca.se\/livetpalandet\/category\/manadsbilden-2026\/\">M\u00e5nadsbilden 2026<\/a>, s\u00e5 f\u00e5r ni upp alla bilderna.<\/p>\n","protected":false},"excerpt":{"rendered":"<p>Ja, det \u00e4r en viss skillnad nu i mars, d\u00e5 sn\u00f6n \u00e4ntligen \u00e4r borta. Men tyv\u00e4rr har en del av plantorna gett upp, s\u00e5 jag f\u00e5r byta ut dem fram\u00e5t v\u00e5ren. Bilden \u00e4r tagen 14 mars, och det \u00e4r ljust mulet och +7\u00b0 ute. Bonusbild &#8211; dessa krokusar st\u00e5r l\u00e4ngst bak och l\u00e4ngst till v\u00e4nster i rabatten p\u00e5 ovanst\u00e5ende bild, s\u00e5 de syns inte alls \ud83d\ude42 Klicka p\u00e5&nbsp;M\u00e5nadsbilden 2026, s\u00e5 f\u00e5r ni upp alla bilderna.<\/p>\n","protected":false},"author":1,"featured_media":0,"comment_status":"open","ping_status":"closed","sticky":false,"template":"","format":"standard","meta":{"ngg_post_thumbnail":0,"footnotes":""},"categories":[70],"tags":[],"class_list":["post-12300","post","type-post","status-publish","format-standard","hentry","category-manadsbilden-2026"],"_links":{"self":[{"href":"https:\/\/jaheca.se\/livetpalandet\/wp-json\/wp\/v2\/posts\/12300","targetHints":{"allow":["GET"]}}],"collection":[{"href":"https:\/\/jaheca.se\/livetpalandet\/wp-json\/wp\/v2\/posts"}],"about":[{"href":"https:\/\/jaheca.se\/livetpalandet\/wp-json\/wp\/v2\/types\/post"}],"author":[{"embeddable":true,"href":"https:\/\/jaheca.se\/livetpalandet\/wp-json\/wp\/v2\/users\/1"}],"replies":[{"embeddable":true,"href":"https:\/\/jaheca.se\/livetpalandet\/wp-json\/wp\/v2\/comments?post=12300"}],"version-history":[{"count":2,"href":"https:\/\/jaheca.se\/livetpalandet\/wp-json\/wp\/v2\/posts\/12300\/revisions"}],"predecessor-version":[{"id":12303,"href":"https:\/\/jaheca.se\/livetpalandet\/wp-json\/wp\/v2\/posts\/12300\/revisions\/12303"}],"wp:attachment":[{"href":"https:\/\/jaheca.se\/livetpalandet\/wp-json\/wp\/v2\/media?parent=12300"}],"wp:term":[{"taxonomy":"category","embeddable":true,"href":"https:\/\/jaheca.se\/livetpalandet\/wp-json\/wp\/v2\/categories?post=12300"},{"taxonomy":"post_tag","embeddable":true,"href":"https:\/\/jaheca.se\/livetpalandet\/wp-json\/wp\/v2\/tags?post=12300"}],"curies":[{"name":"wp","href":"https:\/\/api.w.org\/{rel}","templated":true}]}}