{"id":12285,"date":"2026-03-13T17:53:14","date_gmt":"2026-03-13T16:53:14","guid":{"rendered":"https:\/\/jaheca.se\/livetpalandet\/?p=12285"},"modified":"2026-03-13T18:06:21","modified_gmt":"2026-03-13T17:06:21","slug":"fem-en-fredag-v-11-checkin","status":"publish","type":"post","link":"https:\/\/jaheca.se\/livetpalandet\/2026\/03\/13\/fem-en-fredag-v-11-checkin\/","title":{"rendered":"Fem en fredag v. 11: Checkin"},"content":{"rendered":"<p>Dags f\u00f6r Fem en fredag, som h\u00e5lls av <a href=\"http:\/\/elisamatilda.se\/\" target=\"_blank\" rel=\"noopener\">Elisamatilda<\/a>, och temat \u00e4r&nbsp;<a href=\"https:\/\/www.elisamatilda.se\/fem-en-fredag-v-11-checkin\/\" target=\"_blank\" rel=\"noopener\">Checkin<\/a>.<\/p>\n<ol class=\"wp-block-list\">\n<li>Vilket djur representerar ditt hum\u00f6r idag?<\/li>\n<li>K\u00e4nner du dig \u00e4ldre eller yngre \u00e4n vad du \u00e4r?<\/li>\n<li>Vem \u00e4r din \u00e4ldsta v\u00e4n och n\u00e4r m\u00f6ttes ni?<\/li>\n<li>Vad skulle du g\u00f6ra om du inte beh\u00f6vde jobba f\u00f6r att f\u00e5 pengar?<\/li>\n<li>Vad packar du f\u00f6rst n\u00e4r du ska p\u00e5 en resa?<\/li>\n<\/ol>\n<p><strong>Vilket djur representerar ditt hum\u00f6r idag?<\/strong><br \/>\nEn tr\u00f6tt gammal hund som mest ligger och halvsover, k\u00e4nner mig tr\u00f6tt och seg med ischias och v\u00e4rk i kroppen.<\/p>\n<p><strong>K\u00e4nner du dig \u00e4ldre eller yngre \u00e4n vad du \u00e4r?<\/strong><br \/>\nFysiskt k\u00e4nner jag mig urgammal just nu, mentalt \u00e4r jag min riktiga \u00e5lder.<\/p>\n<p><strong>Vem \u00e4r din \u00e4ldsta v\u00e4n och n\u00e4r m\u00f6ttes ni?<\/strong><br \/>\nKommer inte p\u00e5 n\u00e5gon i dagsl\u00e4get. Har alltid haft sv\u00e5rt att f\u00e5 v\u00e4nner, dels p\u00e5 grund av min h\u00f6rselskada och dels p\u00e5 grund av att jag \u00e4r v\u00e4ldigt introvert.<\/p>\n<p><strong>Vad skulle du g\u00f6ra om du inte beh\u00f6vde jobba f\u00f6r att f\u00e5 pengar?<\/strong><br \/>\nKanske resa lite mer, uppleva mer helt enkelt.<\/p>\n<p><strong>Vad packar du f\u00f6rst n\u00e4r du ska p\u00e5 en resa?<\/strong><br \/>\nMediciner, favoritkl\u00e4nningen och badkl\u00e4der.<\/p>\n<p><img loading=\"lazy\" decoding=\"async\" class=\"alignnone size-large wp-image-12286\" src=\"https:\/\/jaheca.se\/livetpalandet\/wp-content\/uploads\/2026\/03\/20260309_131830-675x506.jpg\" alt=\"\" width=\"675\" height=\"506\" srcset=\"https:\/\/jaheca.se\/livetpalandet\/wp-content\/uploads\/2026\/03\/20260309_131830-675x506.jpg 675w, https:\/\/jaheca.se\/livetpalandet\/wp-content\/uploads\/2026\/03\/20260309_131830-325x244.jpg 325w, https:\/\/jaheca.se\/livetpalandet\/wp-content\/uploads\/2026\/03\/20260309_131830-768x576.jpg 768w, https:\/\/jaheca.se\/livetpalandet\/wp-content\/uploads\/2026\/03\/20260309_131830-1536x1152.jpg 1536w, https:\/\/jaheca.se\/livetpalandet\/wp-content\/uploads\/2026\/03\/20260309_131830-2048x1536.jpg 2048w, https:\/\/jaheca.se\/livetpalandet\/wp-content\/uploads\/2026\/03\/20260309_131830-150x113.jpg 150w, https:\/\/jaheca.se\/livetpalandet\/wp-content\/uploads\/2026\/03\/20260309_131830-200x150.jpg 200w\" sizes=\"auto, (max-width: 675px) 100vw, 675px\" \/><\/p>\n<p>\u00c5rets f\u00f6rsta fj\u00e4ril, och ser ni biet nere till h\u00f6ger?<\/p>\n","protected":false},"excerpt":{"rendered":"<p>Dags f\u00f6r Fem en fredag, som h\u00e5lls av Elisamatilda, och temat \u00e4r&nbsp;Checkin. Vilket djur representerar ditt hum\u00f6r idag? K\u00e4nner du dig \u00e4ldre eller yngre \u00e4n vad du \u00e4r? Vem \u00e4r din \u00e4ldsta v\u00e4n och n\u00e4r m\u00f6ttes ni? Vad skulle du g\u00f6ra om du inte beh\u00f6vde jobba f\u00f6r att f\u00e5 pengar? Vad packar du f\u00f6rst n\u00e4r du ska p\u00e5 en resa? Vilket djur representerar ditt hum\u00f6r idag? En tr\u00f6tt gammal hund som mest ligger och halvsover, k\u00e4nner mig tr\u00f6tt och seg&#8230; <a class=\"continue-reading-link\" href=\"https:\/\/jaheca.se\/livetpalandet\/2026\/03\/13\/fem-en-fredag-v-11-checkin\/\">L\u00e4s vidare <span class=\"meta-nav\">&rarr; <\/span><\/a><\/p>\n","protected":false},"author":1,"featured_media":0,"comment_status":"open","ping_status":"closed","sticky":false,"template":"","format":"standard","meta":{"ngg_post_thumbnail":0,"footnotes":""},"categories":[71],"tags":[],"class_list":["post-12285","post","type-post","status-publish","format-standard","hentry","category-fem-en-fredag"],"_links":{"self":[{"href":"https:\/\/jaheca.se\/livetpalandet\/wp-json\/wp\/v2\/posts\/12285","targetHints":{"allow":["GET"]}}],"collection":[{"href":"https:\/\/jaheca.se\/livetpalandet\/wp-json\/wp\/v2\/posts"}],"about":[{"href":"https:\/\/jaheca.se\/livetpalandet\/wp-json\/wp\/v2\/types\/post"}],"author":[{"embeddable":true,"href":"https:\/\/jaheca.se\/livetpalandet\/wp-json\/wp\/v2\/users\/1"}],"replies":[{"embeddable":true,"href":"https:\/\/jaheca.se\/livetpalandet\/wp-json\/wp\/v2\/comments?post=12285"}],"version-history":[{"count":6,"href":"https:\/\/jaheca.se\/livetpalandet\/wp-json\/wp\/v2\/posts\/12285\/revisions"}],"predecessor-version":[{"id":12292,"href":"https:\/\/jaheca.se\/livetpalandet\/wp-json\/wp\/v2\/posts\/12285\/revisions\/12292"}],"wp:attachment":[{"href":"https:\/\/jaheca.se\/livetpalandet\/wp-json\/wp\/v2\/media?parent=12285"}],"wp:term":[{"taxonomy":"category","embeddable":true,"href":"https:\/\/jaheca.se\/livetpalandet\/wp-json\/wp\/v2\/categories?post=12285"},{"taxonomy":"post_tag","embeddable":true,"href":"https:\/\/jaheca.se\/livetpalandet\/wp-json\/wp\/v2\/tags?post=12285"}],"curies":[{"name":"wp","href":"https:\/\/api.w.org\/{rel}","templated":true}]}}