{"id":12223,"date":"2026-01-25T17:03:01","date_gmt":"2026-01-25T16:03:01","guid":{"rendered":"https:\/\/jaheca.se\/livetpalandet\/?p=12223"},"modified":"2026-01-25T17:45:17","modified_gmt":"2026-01-25T16:45:17","slug":"fem-en-fredag-v-4-nytt-ar","status":"publish","type":"post","link":"https:\/\/jaheca.se\/livetpalandet\/2026\/01\/25\/fem-en-fredag-v-4-nytt-ar\/","title":{"rendered":"Fem en fredag v 4: Nytt \u00e5r"},"content":{"rendered":"<p>Jag t\u00e4nkte att jag ska f\u00f6rs\u00f6ka vara med i Fem en fredag, som <a href=\"https:\/\/www.elisamatilda.se\/\" target=\"_blank\" rel=\"noopener\">Elisamatilda<\/a> h\u00e5ller i, s\u00e5 detta blir f\u00f6rsta f\u00f6rs\u00f6ket. Temat denna vecka \u00e4r <a href=\"https:\/\/www.elisamatilda.se\/fem-en-fredag-v-4-nytt-ar\/\" target=\"_blank\" rel=\"noopener\">Nytt \u00c5r<\/a>.<\/p>\n<ol class=\"wp-block-list\">\n<li>Har du t\u00e4nkt p\u00e5 n\u00e5gra ny\u00e5rsl\u00f6ften f\u00f6r i \u00e5r?<\/li>\n<li>Vad vill du f\u00f6renkla ist\u00e4llet f\u00f6r att f\u00f6rb\u00e4ttra?<\/li>\n<li>Vad vill du uppgradera i ditt liv \u2013 liten detalj eller stor grej?<\/li>\n<li>Vad vill du ha mer plats f\u00f6r i din kalender?<\/li>\n<li>Vad hoppas du att \u201dframtida du\u201d tackar dig f\u00f6r om ett \u00e5r?<\/li>\n<\/ol>\n<p><strong>Har du t\u00e4nkt p\u00e5 n\u00e5gra ny\u00e5rsl\u00f6ften f\u00f6r i \u00e5r?<\/strong><br \/>\nNej, men jag v\u00e4ljer att s\u00e4tta upp n\u00e5gra m\u00e5l ist\u00e4llet, t.ex. att f\u00f6rs\u00f6ka fotografera lite mer i \u00e5r, d\u00e5 2025 blev ett urd\u00e5ligt foto\u00e5r.<\/p>\n<p><strong>Vad vill du f\u00f6renkla ist\u00e4llet f\u00f6r att f\u00f6rb\u00e4ttra?<\/strong><br \/>\nSkriva inl\u00e4gg i bloggen l\u00e4ttare! Idag skriver jag alla inl\u00e4gg via min laptop, d\u00e5 surfplattan inte vill lyda mig riktigt i detta. F\u00e5r forts\u00e4tta testa mig fram helt enkelt. \u00c4ven att f\u00e5 in foton i inl\u00e4ggen p\u00e5 ett enklare vis vore bra.<\/p>\n<p><strong>Vad vill du uppgradera i ditt liv \u2013 liten detalj eller stor grej?<\/strong><br \/>\nKonditionen och energin, i dagsl\u00e4get \u00e4r jag rej\u00e4lt vintertr\u00f6tt och seg! Ser verkligen fram emot v\u00e5ren n\u00e4r man kan komma ut och jobba i tr\u00e4dg\u00e5rden igen.<\/p>\n<p><strong>Vad vill du ha mer plats f\u00f6r i din kalender?<\/strong><br \/>\nHar r\u00e4tt gott om utrymme i dagsl\u00e4get, men mer utomhusvistelse \u00f6nskas. Umg\u00e5s med barn och barnbarn st\u00e5r ocks\u00e5 h\u00f6gt upp p\u00e5 listan.<\/p>\n<p><strong>Vad hoppas du att \u201dframtida du\u201d tackar dig f\u00f6r om ett \u00e5r?<\/strong><br \/>\nAtt jag kom ig\u00e5ng mer med r\u00f6relse, motion och sundare kosth\u00e5llning. (\u00e4ter i och f\u00f6r sig bra idag, men vill f\u00e5 in mer nyttigheter i kosten)<\/p>\n","protected":false},"excerpt":{"rendered":"<p>Jag t\u00e4nkte att jag ska f\u00f6rs\u00f6ka vara med i Fem en fredag, som Elisamatilda h\u00e5ller i, s\u00e5 detta blir f\u00f6rsta f\u00f6rs\u00f6ket. Temat denna vecka \u00e4r Nytt \u00c5r. Har du t\u00e4nkt p\u00e5 n\u00e5gra ny\u00e5rsl\u00f6ften f\u00f6r i \u00e5r? Vad vill du f\u00f6renkla ist\u00e4llet f\u00f6r att f\u00f6rb\u00e4ttra? Vad vill du uppgradera i ditt liv \u2013 liten detalj eller stor grej? Vad vill du ha mer plats f\u00f6r i din kalender? Vad hoppas du att \u201dframtida du\u201d tackar dig f\u00f6r om ett \u00e5r? Har&#8230; <a class=\"continue-reading-link\" href=\"https:\/\/jaheca.se\/livetpalandet\/2026\/01\/25\/fem-en-fredag-v-4-nytt-ar\/\">L\u00e4s vidare <span class=\"meta-nav\">&rarr; <\/span><\/a><\/p>\n","protected":false},"author":1,"featured_media":0,"comment_status":"open","ping_status":"closed","sticky":false,"template":"","format":"standard","meta":{"ngg_post_thumbnail":0,"footnotes":""},"categories":[71],"tags":[],"class_list":["post-12223","post","type-post","status-publish","format-standard","hentry","category-fem-en-fredag"],"_links":{"self":[{"href":"https:\/\/jaheca.se\/livetpalandet\/wp-json\/wp\/v2\/posts\/12223","targetHints":{"allow":["GET"]}}],"collection":[{"href":"https:\/\/jaheca.se\/livetpalandet\/wp-json\/wp\/v2\/posts"}],"about":[{"href":"https:\/\/jaheca.se\/livetpalandet\/wp-json\/wp\/v2\/types\/post"}],"author":[{"embeddable":true,"href":"https:\/\/jaheca.se\/livetpalandet\/wp-json\/wp\/v2\/users\/1"}],"replies":[{"embeddable":true,"href":"https:\/\/jaheca.se\/livetpalandet\/wp-json\/wp\/v2\/comments?post=12223"}],"version-history":[{"count":3,"href":"https:\/\/jaheca.se\/livetpalandet\/wp-json\/wp\/v2\/posts\/12223\/revisions"}],"predecessor-version":[{"id":12230,"href":"https:\/\/jaheca.se\/livetpalandet\/wp-json\/wp\/v2\/posts\/12223\/revisions\/12230"}],"wp:attachment":[{"href":"https:\/\/jaheca.se\/livetpalandet\/wp-json\/wp\/v2\/media?parent=12223"}],"wp:term":[{"taxonomy":"category","embeddable":true,"href":"https:\/\/jaheca.se\/livetpalandet\/wp-json\/wp\/v2\/categories?post=12223"},{"taxonomy":"post_tag","embeddable":true,"href":"https:\/\/jaheca.se\/livetpalandet\/wp-json\/wp\/v2\/tags?post=12223"}],"curies":[{"name":"wp","href":"https:\/\/api.w.org\/{rel}","templated":true}]}}