{"id":12116,"date":"2024-06-03T17:56:47","date_gmt":"2024-06-03T16:56:47","guid":{"rendered":"https:\/\/jaheca.se\/livetpalandet\/?p=12116"},"modified":"2026-01-05T17:58:46","modified_gmt":"2026-01-05T16:58:46","slug":"hagel-2-juni","status":"publish","type":"post","link":"https:\/\/jaheca.se\/livetpalandet\/2024\/06\/03\/hagel-2-juni\/","title":{"rendered":"Hagel 2 juni!"},"content":{"rendered":"<p>Ja, det haglade rej\u00e4lt den 2 juni, vilket \u00e4r ovanligt h\u00e4r. Stora hagel var det ocks\u00e5<\/p>\n<p><img loading=\"lazy\" decoding=\"async\" class=\"alignnone size-full wp-image-12112\" src=\"https:\/\/jaheca.se\/livetpalandet\/wp-content\/uploads\/2026\/01\/m_20240602_162010.jpg\" alt=\"\" width=\"525\" height=\"700\" srcset=\"https:\/\/jaheca.se\/livetpalandet\/wp-content\/uploads\/2026\/01\/m_20240602_162010.jpg 525w, https:\/\/jaheca.se\/livetpalandet\/wp-content\/uploads\/2026\/01\/m_20240602_162010-263x350.jpg 263w, https:\/\/jaheca.se\/livetpalandet\/wp-content\/uploads\/2026\/01\/m_20240602_162010-113x150.jpg 113w\" sizes=\"auto, (max-width: 525px) 100vw, 525px\" \/> <img loading=\"lazy\" decoding=\"async\" class=\"alignnone size-full wp-image-12113\" src=\"https:\/\/jaheca.se\/livetpalandet\/wp-content\/uploads\/2026\/01\/m_20240602_162540.jpg\" alt=\"\" width=\"700\" height=\"525\" srcset=\"https:\/\/jaheca.se\/livetpalandet\/wp-content\/uploads\/2026\/01\/m_20240602_162540.jpg 700w, https:\/\/jaheca.se\/livetpalandet\/wp-content\/uploads\/2026\/01\/m_20240602_162540-350x263.jpg 350w, https:\/\/jaheca.se\/livetpalandet\/wp-content\/uploads\/2026\/01\/m_20240602_162540-150x113.jpg 150w, https:\/\/jaheca.se\/livetpalandet\/wp-content\/uploads\/2026\/01\/m_20240602_162540-200x150.jpg 200w\" sizes=\"auto, (max-width: 700px) 100vw, 700px\" \/> <img loading=\"lazy\" decoding=\"async\" class=\"alignnone size-full wp-image-12114\" src=\"https:\/\/jaheca.se\/livetpalandet\/wp-content\/uploads\/2026\/01\/m_20240602_163447.jpg\" alt=\"\" width=\"525\" height=\"700\" srcset=\"https:\/\/jaheca.se\/livetpalandet\/wp-content\/uploads\/2026\/01\/m_20240602_163447.jpg 525w, https:\/\/jaheca.se\/livetpalandet\/wp-content\/uploads\/2026\/01\/m_20240602_163447-263x350.jpg 263w, https:\/\/jaheca.se\/livetpalandet\/wp-content\/uploads\/2026\/01\/m_20240602_163447-113x150.jpg 113w\" sizes=\"auto, (max-width: 525px) 100vw, 525px\" \/><\/p>\n","protected":false},"excerpt":{"rendered":"<p>Ja, det haglade rej\u00e4lt den 2 juni, vilket \u00e4r ovanligt h\u00e4r. Stora hagel var det ocks\u00e5<\/p>\n","protected":false},"author":1,"featured_media":0,"comment_status":"open","ping_status":"closed","sticky":false,"template":"","format":"standard","meta":{"ngg_post_thumbnail":0,"footnotes":""},"categories":[18],"tags":[],"class_list":["post-12116","post","type-post","status-publish","format-standard","hentry","category-foton"],"_links":{"self":[{"href":"https:\/\/jaheca.se\/livetpalandet\/wp-json\/wp\/v2\/posts\/12116","targetHints":{"allow":["GET"]}}],"collection":[{"href":"https:\/\/jaheca.se\/livetpalandet\/wp-json\/wp\/v2\/posts"}],"about":[{"href":"https:\/\/jaheca.se\/livetpalandet\/wp-json\/wp\/v2\/types\/post"}],"author":[{"embeddable":true,"href":"https:\/\/jaheca.se\/livetpalandet\/wp-json\/wp\/v2\/users\/1"}],"replies":[{"embeddable":true,"href":"https:\/\/jaheca.se\/livetpalandet\/wp-json\/wp\/v2\/comments?post=12116"}],"version-history":[{"count":1,"href":"https:\/\/jaheca.se\/livetpalandet\/wp-json\/wp\/v2\/posts\/12116\/revisions"}],"predecessor-version":[{"id":12117,"href":"https:\/\/jaheca.se\/livetpalandet\/wp-json\/wp\/v2\/posts\/12116\/revisions\/12117"}],"wp:attachment":[{"href":"https:\/\/jaheca.se\/livetpalandet\/wp-json\/wp\/v2\/media?parent=12116"}],"wp:term":[{"taxonomy":"category","embeddable":true,"href":"https:\/\/jaheca.se\/livetpalandet\/wp-json\/wp\/v2\/categories?post=12116"},{"taxonomy":"post_tag","embeddable":true,"href":"https:\/\/jaheca.se\/livetpalandet\/wp-json\/wp\/v2\/tags?post=12116"}],"curies":[{"name":"wp","href":"https:\/\/api.w.org\/{rel}","templated":true}]}}