{"id":762,"date":"2008-11-11T21:29:06","date_gmt":"2008-11-11T19:29:06","guid":{"rendered":"http:\/\/jaheca.se\/blog\/?p=762"},"modified":"2008-11-11T21:49:50","modified_gmt":"2008-11-11T19:49:50","slug":"det-gick-bra-i-norge","status":"publish","type":"post","link":"http:\/\/jaheca.se\/blog\/2008\/11\/11\/det-gick-bra-i-norge\/","title":{"rendered":"Det gick bra i Norge"},"content":{"rendered":"<p>Japp, det gick bra p\u00e5 kattutst\u00e4llningen i Oslo, och ni kan l\u00e4sa mer om det p\u00e5 <a href=\"http:\/\/cornell06.wordpress.com\/\" target=\"_blank\">Cornells fotoblogg<\/a> (s\u00e5 slipper jag upprepa det hela h\u00e4r). Finns n\u00e5gra bilder p\u00e5 katten o buren oxo, men annars blev det n\u00e4stan inga bilder d\u00e5 jag inte hade energi nog till att g\u00e5 runt och fotografera.<\/p>\n<p>Var ledig ig\u00e5r m\u00e5ndag, d\u00e5 jag var tr\u00f6tt efter 2 halvdana sovn\u00e4tter + bilresan hem. Passade d\u00e5 p\u00e5 att handla lite presenter till storebror som fyller 14 \u00e5r idag. Han har f\u00e5tt presenterna nu efter middagen, bl.a. lite olika kl\u00e4der, b\u00f6cker, dvdspelare med h\u00e5rddisk, choklad mm.<\/p>\n<p>Vi firar honom med god mat f\u00f6rst fram\u00e5t helgen, d\u00e5 han \u00f6nskat sig fondue till middag, mums! Har k\u00f6pt k\u00f6tt, ska ha kycklingfil\u00e9 oxo, eftersom lilleman gillar det b\u00e4ttre. S\u00e5ser blir det 2 st, en vitl\u00f6k och en taco.<\/p>\n<p>Imorgon \u00e4r det EFIT, f\u00e5r se om jag orkar ta n\u00e5gra kort d\u00e5.<\/p>\n<p>N\u00e4sta inl\u00e4gg blir ett skyddat inl\u00e4gg, och det blir ett NYTT l\u00f6senord d\u00e5, s\u00e5 ni som har f\u00e5tt tidigare l\u00f6sen, maila till mig, s\u00e5 f\u00e5r ni det nya. \u00d6vriga f\u00e5r l\u00e4sa <a href=\"http:\/\/jaheca.se\/blog\/skyddade-inlagg\/\">H\u00c4R<\/a> f\u00f6r att ans\u00f6ka om l\u00f6sen.<\/p>\n","protected":false},"excerpt":{"rendered":"<p>Japp, det gick bra p\u00e5 kattutst\u00e4llningen i Oslo, och ni kan l\u00e4sa mer om det p\u00e5 Cornells fotoblogg (s\u00e5 slipper jag upprepa det hela h\u00e4r). Finns n\u00e5gra bilder p\u00e5 katten o buren oxo, men annars blev det n\u00e4stan inga bilder d\u00e5 jag inte hade energi nog till att g\u00e5 runt och fotografera. Var ledig ig\u00e5r &hellip; <a href=\"http:\/\/jaheca.se\/blog\/2008\/11\/11\/det-gick-bra-i-norge\/\" class=\"more-link\">Forts\u00e4tt l\u00e4sa <span class=\"screen-reader-text\">Det gick bra i Norge<\/span> <span class=\"meta-nav\">&rarr;<\/span><\/a><\/p>\n","protected":false},"author":1,"featured_media":0,"comment_status":"open","ping_status":"open","sticky":false,"template":"","format":"standard","meta":{"ngg_post_thumbnail":0},"categories":[6,30,12],"tags":[76,32,157,74,35,239,128,95,116,90,251,232],"_links":{"self":[{"href":"http:\/\/jaheca.se\/blog\/wp-json\/wp\/v2\/posts\/762"}],"collection":[{"href":"http:\/\/jaheca.se\/blog\/wp-json\/wp\/v2\/posts"}],"about":[{"href":"http:\/\/jaheca.se\/blog\/wp-json\/wp\/v2\/types\/post"}],"author":[{"embeddable":true,"href":"http:\/\/jaheca.se\/blog\/wp-json\/wp\/v2\/users\/1"}],"replies":[{"embeddable":true,"href":"http:\/\/jaheca.se\/blog\/wp-json\/wp\/v2\/comments?post=762"}],"version-history":[{"count":0,"href":"http:\/\/jaheca.se\/blog\/wp-json\/wp\/v2\/posts\/762\/revisions"}],"wp:attachment":[{"href":"http:\/\/jaheca.se\/blog\/wp-json\/wp\/v2\/media?parent=762"}],"wp:term":[{"taxonomy":"category","embeddable":true,"href":"http:\/\/jaheca.se\/blog\/wp-json\/wp\/v2\/categories?post=762"},{"taxonomy":"post_tag","embeddable":true,"href":"http:\/\/jaheca.se\/blog\/wp-json\/wp\/v2\/tags?post=762"}],"curies":[{"name":"wp","href":"https:\/\/api.w.org\/{rel}","templated":true}]}}